{"id":10838,"date":"2024-12-13T23:36:18","date_gmt":"2024-12-13T22:36:18","guid":{"rendered":"https:\/\/rerec.eu\/?p=10838"},"modified":"2025-07-27T12:08:32","modified_gmt":"2025-07-27T11:08:32","slug":"rerec-som-hovedsponsor","status":"publish","type":"post","link":"https:\/\/rerec.eu\/da\/news\/rerec-as-main-sponsor\/","title":{"rendered":"ReRec som hovedsponsor"},"content":{"rendered":"<p>ReRec GmbH var stolte over at v\u00e6re repr\u00e6senteret som hovedsponsor ved europamesterskabsbegivenheden med Altin Zogaj og Alexander Rigas. Som en virksomhed med et klart fokus p\u00e5 b\u00e6redygtighed og innovation, var det en s\u00e6rlig gl\u00e6de for os at st\u00f8tte de to atleter i deres sportsstr\u00e6ben. Det er s\u00e6rligt v\u00e6rd at fremh\u00e6ve vores t\u00e6tte personlige forhold til Altin Zogaj. Vi kender ham ikke kun som en sportskriger, men ogs\u00e5 som en v\u00e6rdifuld partner p\u00e5 et privat niveau. Hans beslutsomhed og lidenskab afspejler ogs\u00e5 de v\u00e6rdier, vi lever efter hos ReRec GmbH &#8211; udholdenhed, professionalisme og den konstante s\u00f8gen efter topresultater. Det var en \u00e6re for os at v\u00e6re en del af denne begivenhed og st\u00f8tte Altin Zogaj og Alexander Rigas p\u00e5 deres vej til europamesterskabet. Vi ser frem til flere f\u00e6lles succeser og sp\u00e6ndende udfordringer, der vil ledsage os b\u00e5de i sport og i erhvervslivet!<\/p>\n","protected":false},"excerpt":{"rendered":"<p>ReRec GmbH var stolte over at v\u00e6re repr\u00e6senteret som hovedsponsor &#8230;<\/p>\n","protected":false},"author":1,"featured_media":10839,"comment_status":"closed","ping_status":"closed","sticky":false,"template":"","format":"standard","meta":{"footnotes":""},"categories":[1],"tags":[],"class_list":["post-10838","post","type-post","status-publish","format-standard","has-post-thumbnail","hentry","category-nicht-kategorisiert"],"yoast_head":"<!-- This site is optimized with the Yoast SEO plugin v26.8 - https:\/\/yoast.com\/product\/yoast-seo-wordpress\/ -->\n<title>ReRec som hovedsponsor &#8211; ReRec GmbH<\/title>\n<meta name=\"robots\" content=\"index, follow, max-snippet:-1, max-image-preview:large, max-video-preview:-1\" \/>\n<link rel=\"canonical\" href=\"https:\/\/rerec.eu\/da\/news\/rerec-as-main-sponsor\/\" \/>\n<meta property=\"og:locale\" content=\"da_DK\" \/>\n<meta property=\"og:type\" content=\"article\" \/>\n<meta property=\"og:title\" content=\"ReRec som hovedsponsor &#8211; ReRec GmbH\" \/>\n<meta property=\"og:description\" content=\"ReRec GmbH var stolte over at v\u00e6re repr\u00e6senteret som hovedsponsor ...\" \/>\n<meta property=\"og:url\" content=\"https:\/\/rerec.eu\/da\/news\/rerec-as-main-sponsor\/\" \/>\n<meta property=\"og:site_name\" content=\"ReRec GmbH\" \/>\n<meta property=\"article:publisher\" content=\"https:\/\/www.facebook.com\/profile.php?id=100063562990196#\" \/>\n<meta property=\"article:published_time\" content=\"2024-12-13T22:36:18+00:00\" \/>\n<meta property=\"article:modified_time\" content=\"2025-07-27T11:08:32+00:00\" \/>\n<meta property=\"og:image\" content=\"https:\/\/rerec.eu\/wp-content\/uploads\/2024\/12\/rerec-hauptsponsor-altin-zogaj-boxkapf-scharrena.jpeg\" \/>\n\t<meta property=\"og:image:width\" content=\"1080\" \/>\n\t<meta property=\"og:image:height\" content=\"720\" \/>\n\t<meta property=\"og:image:type\" content=\"image\/jpeg\" \/>\n<meta name=\"author\" content=\"ReRec\" \/>\n<meta name=\"twitter:card\" content=\"summary_large_image\" \/>\n<meta name=\"twitter:label1\" content=\"Skrevet af\" \/>\n\t<meta name=\"twitter:data1\" content=\"ReRec\" \/>\n\t<meta name=\"twitter:label2\" content=\"Estimeret l\u00e6setid\" \/>\n\t<meta name=\"twitter:data2\" content=\"1 minut\" \/>\n<script type=\"application\/ld+json\" class=\"yoast-schema-graph\">{\"@context\":\"https:\/\/schema.org\",\"@graph\":[{\"@type\":\"Article\",\"@id\":\"https:\/\/rerec.eu\/da\/news\/rerec-as-main-sponsor\/#article\",\"isPartOf\":{\"@id\":\"https:\/\/rerec.eu\/da\/news\/rerec-as-main-sponsor\/\"},\"author\":{\"name\":\"ReRec\",\"@id\":\"https:\/\/rerec.eu\/da\/#\/schema\/person\/dff28c5d94777e459c86a46269761589\"},\"headline\":\"ReRec som hovedsponsor\",\"datePublished\":\"2024-12-13T22:36:18+00:00\",\"dateModified\":\"2025-07-27T11:08:32+00:00\",\"mainEntityOfPage\":{\"@id\":\"https:\/\/rerec.eu\/da\/news\/rerec-as-main-sponsor\/\"},\"wordCount\":165,\"publisher\":{\"@id\":\"https:\/\/rerec.eu\/da\/#organization\"},\"image\":{\"@id\":\"https:\/\/rerec.eu\/da\/news\/rerec-as-main-sponsor\/#primaryimage\"},\"thumbnailUrl\":\"https:\/\/rerec.eu\/wp-content\/uploads\/2024\/12\/rerec-hauptsponsor-altin-zogaj-boxkapf-scharrena.jpeg\",\"articleSection\":[\"Nicht kategorisiert\"],\"inLanguage\":\"da-DK\"},{\"@type\":\"WebPage\",\"@id\":\"https:\/\/rerec.eu\/da\/news\/rerec-as-main-sponsor\/\",\"url\":\"https:\/\/rerec.eu\/da\/news\/rerec-as-main-sponsor\/\",\"name\":\"ReRec som hovedsponsor &#8211; ReRec GmbH\",\"isPartOf\":{\"@id\":\"https:\/\/rerec.eu\/da\/#website\"},\"primaryImageOfPage\":{\"@id\":\"https:\/\/rerec.eu\/da\/news\/rerec-as-main-sponsor\/#primaryimage\"},\"image\":{\"@id\":\"https:\/\/rerec.eu\/da\/news\/rerec-as-main-sponsor\/#primaryimage\"},\"thumbnailUrl\":\"https:\/\/rerec.eu\/wp-content\/uploads\/2024\/12\/rerec-hauptsponsor-altin-zogaj-boxkapf-scharrena.jpeg\",\"datePublished\":\"2024-12-13T22:36:18+00:00\",\"dateModified\":\"2025-07-27T11:08:32+00:00\",\"breadcrumb\":{\"@id\":\"https:\/\/rerec.eu\/da\/news\/rerec-as-main-sponsor\/#breadcrumb\"},\"inLanguage\":\"da-DK\",\"potentialAction\":[{\"@type\":\"ReadAction\",\"target\":[\"https:\/\/rerec.eu\/da\/news\/rerec-as-main-sponsor\/\"]}]},{\"@type\":\"ImageObject\",\"inLanguage\":\"da-DK\",\"@id\":\"https:\/\/rerec.eu\/da\/news\/rerec-as-main-sponsor\/#primaryimage\",\"url\":\"https:\/\/rerec.eu\/wp-content\/uploads\/2024\/12\/rerec-hauptsponsor-altin-zogaj-boxkapf-scharrena.jpeg\",\"contentUrl\":\"https:\/\/rerec.eu\/wp-content\/uploads\/2024\/12\/rerec-hauptsponsor-altin-zogaj-boxkapf-scharrena.jpeg\",\"width\":1080,\"height\":720,\"caption\":\"ReRec Hauptsponsor Altin Zogaj Boxkampf Scharrena\"},{\"@type\":\"BreadcrumbList\",\"@id\":\"https:\/\/rerec.eu\/da\/news\/rerec-as-main-sponsor\/#breadcrumb\",\"itemListElement\":[{\"@type\":\"ListItem\",\"position\":1,\"name\":\"Home\",\"item\":\"https:\/\/rerec.eu\/da\/\"},{\"@type\":\"ListItem\",\"position\":2,\"name\":\"ReRec som hovedsponsor\"}]},{\"@type\":\"WebSite\",\"@id\":\"https:\/\/rerec.eu\/da\/#website\",\"url\":\"https:\/\/rerec.eu\/da\/\",\"name\":\"ReRec GmbH\",\"description\":\"Wir kaufen Elektronikschrott, Sonderlegierungen und Edelmetalle aller Art.\",\"publisher\":{\"@id\":\"https:\/\/rerec.eu\/da\/#organization\"},\"alternateName\":\"ReRec Recycling\",\"potentialAction\":[{\"@type\":\"SearchAction\",\"target\":{\"@type\":\"EntryPoint\",\"urlTemplate\":\"https:\/\/rerec.eu\/da\/?s={search_term_string}\"},\"query-input\":{\"@type\":\"PropertyValueSpecification\",\"valueRequired\":true,\"valueName\":\"search_term_string\"}}],\"inLanguage\":\"da-DK\"},{\"@type\":\"Organization\",\"@id\":\"https:\/\/rerec.eu\/da\/#organization\",\"name\":\"ReRec GmbH\",\"alternateName\":\"ReRec Recycling\",\"url\":\"https:\/\/rerec.eu\/da\/\",\"logo\":{\"@type\":\"ImageObject\",\"inLanguage\":\"da-DK\",\"@id\":\"https:\/\/rerec.eu\/da\/#\/schema\/logo\/image\/\",\"url\":\"https:\/\/rerec.eu\/wp-content\/uploads\/2024\/12\/rerec-gmbh-recycling.svg\",\"contentUrl\":\"https:\/\/rerec.eu\/wp-content\/uploads\/2024\/12\/rerec-gmbh-recycling.svg\",\"width\":165,\"height\":50,\"caption\":\"ReRec GmbH\"},\"image\":{\"@id\":\"https:\/\/rerec.eu\/da\/#\/schema\/logo\/image\/\"},\"sameAs\":[\"https:\/\/www.facebook.com\/profile.php?id=100063562990196#\"]},{\"@type\":\"Person\",\"@id\":\"https:\/\/rerec.eu\/da\/#\/schema\/person\/dff28c5d94777e459c86a46269761589\",\"name\":\"ReRec\",\"sameAs\":[\"http:\/\/45.76.89.223\"]}]}<\/script>\n<!-- \/ Yoast SEO plugin. -->","yoast_head_json":{"title":"ReRec som hovedsponsor &#8211; ReRec GmbH","robots":{"index":"index","follow":"follow","max-snippet":"max-snippet:-1","max-image-preview":"max-image-preview:large","max-video-preview":"max-video-preview:-1"},"canonical":"https:\/\/rerec.eu\/da\/news\/rerec-as-main-sponsor\/","og_locale":"da_DK","og_type":"article","og_title":"ReRec som hovedsponsor &#8211; ReRec GmbH","og_description":"ReRec GmbH var stolte over at v\u00e6re repr\u00e6senteret som hovedsponsor ...","og_url":"https:\/\/rerec.eu\/da\/news\/rerec-as-main-sponsor\/","og_site_name":"ReRec GmbH","article_publisher":"https:\/\/www.facebook.com\/profile.php?id=100063562990196#","article_published_time":"2024-12-13T22:36:18+00:00","article_modified_time":"2025-07-27T11:08:32+00:00","og_image":[{"width":1080,"height":720,"url":"https:\/\/rerec.eu\/wp-content\/uploads\/2024\/12\/rerec-hauptsponsor-altin-zogaj-boxkapf-scharrena.jpeg","type":"image\/jpeg"}],"author":"ReRec","twitter_card":"summary_large_image","twitter_misc":{"Skrevet af":"ReRec","Estimeret l\u00e6setid":"1 minut"},"schema":{"@context":"https:\/\/schema.org","@graph":[{"@type":"Article","@id":"https:\/\/rerec.eu\/da\/news\/rerec-as-main-sponsor\/#article","isPartOf":{"@id":"https:\/\/rerec.eu\/da\/news\/rerec-as-main-sponsor\/"},"author":{"name":"ReRec","@id":"https:\/\/rerec.eu\/da\/#\/schema\/person\/dff28c5d94777e459c86a46269761589"},"headline":"ReRec som hovedsponsor","datePublished":"2024-12-13T22:36:18+00:00","dateModified":"2025-07-27T11:08:32+00:00","mainEntityOfPage":{"@id":"https:\/\/rerec.eu\/da\/news\/rerec-as-main-sponsor\/"},"wordCount":165,"publisher":{"@id":"https:\/\/rerec.eu\/da\/#organization"},"image":{"@id":"https:\/\/rerec.eu\/da\/news\/rerec-as-main-sponsor\/#primaryimage"},"thumbnailUrl":"https:\/\/rerec.eu\/wp-content\/uploads\/2024\/12\/rerec-hauptsponsor-altin-zogaj-boxkapf-scharrena.jpeg","articleSection":["Nicht kategorisiert"],"inLanguage":"da-DK"},{"@type":"WebPage","@id":"https:\/\/rerec.eu\/da\/news\/rerec-as-main-sponsor\/","url":"https:\/\/rerec.eu\/da\/news\/rerec-as-main-sponsor\/","name":"ReRec som hovedsponsor &#8211; ReRec GmbH","isPartOf":{"@id":"https:\/\/rerec.eu\/da\/#website"},"primaryImageOfPage":{"@id":"https:\/\/rerec.eu\/da\/news\/rerec-as-main-sponsor\/#primaryimage"},"image":{"@id":"https:\/\/rerec.eu\/da\/news\/rerec-as-main-sponsor\/#primaryimage"},"thumbnailUrl":"https:\/\/rerec.eu\/wp-content\/uploads\/2024\/12\/rerec-hauptsponsor-altin-zogaj-boxkapf-scharrena.jpeg","datePublished":"2024-12-13T22:36:18+00:00","dateModified":"2025-07-27T11:08:32+00:00","breadcrumb":{"@id":"https:\/\/rerec.eu\/da\/news\/rerec-as-main-sponsor\/#breadcrumb"},"inLanguage":"da-DK","potentialAction":[{"@type":"ReadAction","target":["https:\/\/rerec.eu\/da\/news\/rerec-as-main-sponsor\/"]}]},{"@type":"ImageObject","inLanguage":"da-DK","@id":"https:\/\/rerec.eu\/da\/news\/rerec-as-main-sponsor\/#primaryimage","url":"https:\/\/rerec.eu\/wp-content\/uploads\/2024\/12\/rerec-hauptsponsor-altin-zogaj-boxkapf-scharrena.jpeg","contentUrl":"https:\/\/rerec.eu\/wp-content\/uploads\/2024\/12\/rerec-hauptsponsor-altin-zogaj-boxkapf-scharrena.jpeg","width":1080,"height":720,"caption":"ReRec Hauptsponsor Altin Zogaj Boxkampf Scharrena"},{"@type":"BreadcrumbList","@id":"https:\/\/rerec.eu\/da\/news\/rerec-as-main-sponsor\/#breadcrumb","itemListElement":[{"@type":"ListItem","position":1,"name":"Home","item":"https:\/\/rerec.eu\/da\/"},{"@type":"ListItem","position":2,"name":"ReRec som hovedsponsor"}]},{"@type":"WebSite","@id":"https:\/\/rerec.eu\/da\/#website","url":"https:\/\/rerec.eu\/da\/","name":"ReRec GmbH","description":"Wir kaufen Elektronikschrott, Sonderlegierungen und Edelmetalle aller Art.","publisher":{"@id":"https:\/\/rerec.eu\/da\/#organization"},"alternateName":"ReRec Recycling","potentialAction":[{"@type":"SearchAction","target":{"@type":"EntryPoint","urlTemplate":"https:\/\/rerec.eu\/da\/?s={search_term_string}"},"query-input":{"@type":"PropertyValueSpecification","valueRequired":true,"valueName":"search_term_string"}}],"inLanguage":"da-DK"},{"@type":"Organization","@id":"https:\/\/rerec.eu\/da\/#organization","name":"ReRec GmbH","alternateName":"ReRec Recycling","url":"https:\/\/rerec.eu\/da\/","logo":{"@type":"ImageObject","inLanguage":"da-DK","@id":"https:\/\/rerec.eu\/da\/#\/schema\/logo\/image\/","url":"https:\/\/rerec.eu\/wp-content\/uploads\/2024\/12\/rerec-gmbh-recycling.svg","contentUrl":"https:\/\/rerec.eu\/wp-content\/uploads\/2024\/12\/rerec-gmbh-recycling.svg","width":165,"height":50,"caption":"ReRec GmbH"},"image":{"@id":"https:\/\/rerec.eu\/da\/#\/schema\/logo\/image\/"},"sameAs":["https:\/\/www.facebook.com\/profile.php?id=100063562990196#"]},{"@type":"Person","@id":"https:\/\/rerec.eu\/da\/#\/schema\/person\/dff28c5d94777e459c86a46269761589","name":"ReRec","sameAs":["http:\/\/45.76.89.223"]}]}},"_links":{"self":[{"href":"https:\/\/rerec.eu\/da\/wp-json\/wp\/v2\/posts\/10838","targetHints":{"allow":["GET"]}}],"collection":[{"href":"https:\/\/rerec.eu\/da\/wp-json\/wp\/v2\/posts"}],"about":[{"href":"https:\/\/rerec.eu\/da\/wp-json\/wp\/v2\/types\/post"}],"author":[{"embeddable":true,"href":"https:\/\/rerec.eu\/da\/wp-json\/wp\/v2\/users\/1"}],"replies":[{"embeddable":true,"href":"https:\/\/rerec.eu\/da\/wp-json\/wp\/v2\/comments?post=10838"}],"version-history":[{"count":1,"href":"https:\/\/rerec.eu\/da\/wp-json\/wp\/v2\/posts\/10838\/revisions"}],"predecessor-version":[{"id":12866,"href":"https:\/\/rerec.eu\/da\/wp-json\/wp\/v2\/posts\/10838\/revisions\/12866"}],"wp:featuredmedia":[{"embeddable":true,"href":"https:\/\/rerec.eu\/da\/wp-json\/wp\/v2\/media\/10839"}],"wp:attachment":[{"href":"https:\/\/rerec.eu\/da\/wp-json\/wp\/v2\/media?parent=10838"}],"wp:term":[{"taxonomy":"category","embeddable":true,"href":"https:\/\/rerec.eu\/da\/wp-json\/wp\/v2\/categories?post=10838"},{"taxonomy":"post_tag","embeddable":true,"href":"https:\/\/rerec.eu\/da\/wp-json\/wp\/v2\/tags?post=10838"}],"curies":[{"name":"wp","href":"https:\/\/api.w.org\/{rel}","templated":true}]}}