{"id":10848,"date":"2024-12-13T23:36:01","date_gmt":"2024-12-13T22:36:01","guid":{"rendered":"https:\/\/rerec.eu\/?p=10848"},"modified":"2025-07-27T12:10:11","modified_gmt":"2025-07-27T11:10:11","slug":"ny-online-tilstedevaerelse","status":"publish","type":"post","link":"https:\/\/rerec.eu\/da\/news\/new-online-presence-of-rerec\/","title":{"rendered":"Ny online tilstedev\u00e6relse"},"content":{"rendered":"<p>ReRec GmbH s\u00e6tter endnu en milep\u00e6l i sin virksomhedshistorie: Med en helt ny hjemmeside, et friskt logo og en revideret brandidentitet tager vi et innovativt skridt mod fremtiden. Vores nye online tilstedev\u00e6relse afspejler nu ikke kun vores mange\u00e5rige ekspertise inden for genbrug og affaldsh\u00e5ndtering, men ogs\u00e5 vores konstante str\u00e6ben efter udvikling og forbedring af vores tjenester. <strong>Nyt design &#8211; moderne og brugervenligt<\/strong> Den reviderede hjemmeside er nu meget mere brugervenlig og intuitiv. Kunder, partnere og interesserede kan hurtigt og nemt finde de n\u00f8dvendige oplysninger om vores mange tjenester inden for elektronikskrot, k\u00f8b af metalskrot, destruktion af datamedier og mange andre genbrugsl\u00f8sninger. Vores m\u00e5l var at designe hjemmesiden, s\u00e5 bes\u00f8gende nemt kan navigere for at finde de relevante tilbud til deres behov. <strong>Friske logo &#8211; klar identitet<\/strong> Det nye logo for ReRec GmbH er et klart symbol p\u00e5 forandring og v\u00e6kst i vores virksomhed. Med et moderne design og en klar struktur formidler det vores v\u00e6rdier af effektivitet, innovation og b\u00e6redygtighed. Det er et visuelt tegn p\u00e5, at vi som virksomhed konstant udvikler os, uden at miste vores grundl\u00e6ggende principper af syne. <strong>Nye farver &#8211; et friskt look<\/strong> I forbindelse med vores nye logo har vi ogs\u00e5 moderniseret vores farvepalet. De nye farver er omhyggeligt valgt for at afspejle vores v\u00e6rdier og vores virksomhedsidentitet. De formidler tillid, gennemsigtighed og innovation og passer perfekt til vores m\u00e5l om at v\u00e6re f\u00f8rende, ikke kun inden for genbrugsindustrien, men ogs\u00e5 inden for virksomhedspr\u00e6sentation. <strong>Hvorfor relanceringen?<\/strong> Med denne redesign \u00f8nsker vi ikke kun at appellere til vores eksisterende kundebase, men ogs\u00e5 at tiltr\u00e6kke nye forretningspartnere og virksomheder. Vores moderne og friske udseende viser, at vi ikke kun er p\u00e5 forkant med teknologien, men ogs\u00e5 \u00f8nsker at st\u00f8tte vores kunder og partnere bedst muligt. Den nye hjemmeside tilbyder ikke kun en klar struktur, men ogs\u00e5 omfattende information om vores tjenester og de fordele, der f\u00f8lger med et partnerskab med ReRec GmbH. <strong>Et skridt ind i fremtiden<\/strong> Med denne relancering s\u00e6tter vi klart fokus p\u00e5 fremtiden. Vi er fast besluttet p\u00e5 at forts\u00e6tte med at tilbyde innovative genbrugsl\u00f8sninger og at levere f\u00f8rsteklasses service til vores kunder og partnere. Vores nye online tilstedev\u00e6relse er kun det f\u00f8rste skridt &#8211; i de kommende m\u00e5neder kan du forvente mange flere sp\u00e6ndende udviklinger. Vi inviterer dig til at bes\u00f8ge vores nye hjemmeside og overbevise dig selv om vores nye brandidentitet. Stol p\u00e5 ReRec GmbH, din partner for genbrug, affaldsh\u00e5ndtering og b\u00e6redygtige l\u00f8sninger!<\/p>\n","protected":false},"excerpt":{"rendered":"<p>ReRec GmbH s\u00e6tter endnu en milep\u00e6l i sin virksomhedshistorie: Med &#8230;<\/p>\n","protected":false},"author":1,"featured_media":12885,"comment_status":"closed","ping_status":"closed","sticky":false,"template":"","format":"standard","meta":{"footnotes":""},"categories":[1],"tags":[],"class_list":["post-10848","post","type-post","status-publish","format-standard","has-post-thumbnail","hentry","category-nicht-kategorisiert"],"yoast_head":"<!-- This site is optimized with the Yoast SEO plugin v26.8 - https:\/\/yoast.com\/product\/yoast-seo-wordpress\/ -->\n<title>Ny online tilstedev\u00e6relse &#8211; ReRec GmbH<\/title>\n<meta name=\"robots\" content=\"index, follow, max-snippet:-1, max-image-preview:large, max-video-preview:-1\" \/>\n<link rel=\"canonical\" href=\"https:\/\/rerec.eu\/da\/news\/new-online-presence-of-rerec\/\" \/>\n<meta property=\"og:locale\" content=\"da_DK\" \/>\n<meta property=\"og:type\" content=\"article\" \/>\n<meta property=\"og:title\" content=\"Ny online tilstedev\u00e6relse &#8211; ReRec GmbH\" \/>\n<meta property=\"og:description\" content=\"ReRec GmbH s\u00e6tter endnu en milep\u00e6l i sin virksomhedshistorie: Med ...\" \/>\n<meta property=\"og:url\" content=\"https:\/\/rerec.eu\/da\/news\/new-online-presence-of-rerec\/\" \/>\n<meta property=\"og:site_name\" content=\"ReRec GmbH\" \/>\n<meta property=\"article:publisher\" content=\"https:\/\/www.facebook.com\/profile.php?id=100063562990196#\" \/>\n<meta property=\"article:published_time\" content=\"2024-12-13T22:36:01+00:00\" \/>\n<meta property=\"article:modified_time\" content=\"2025-07-27T11:10:11+00:00\" \/>\n<meta property=\"og:image\" content=\"https:\/\/rerec.eu\/wp-content\/uploads\/2024\/12\/rerec-neue-internetpraesenz-webdesign.jpg\" \/>\n\t<meta property=\"og:image:width\" content=\"1280\" \/>\n\t<meta property=\"og:image:height\" content=\"850\" \/>\n\t<meta property=\"og:image:type\" content=\"image\/jpeg\" \/>\n<meta name=\"author\" content=\"ReRec\" \/>\n<meta name=\"twitter:card\" content=\"summary_large_image\" \/>\n<meta name=\"twitter:label1\" content=\"Skrevet af\" \/>\n\t<meta name=\"twitter:data1\" content=\"ReRec\" \/>\n\t<meta name=\"twitter:label2\" content=\"Estimeret l\u00e6setid\" \/>\n\t<meta name=\"twitter:data2\" content=\"2 minutter\" \/>\n<script type=\"application\/ld+json\" class=\"yoast-schema-graph\">{\"@context\":\"https:\/\/schema.org\",\"@graph\":[{\"@type\":\"Article\",\"@id\":\"https:\/\/rerec.eu\/da\/news\/new-online-presence-of-rerec\/#article\",\"isPartOf\":{\"@id\":\"https:\/\/rerec.eu\/da\/news\/new-online-presence-of-rerec\/\"},\"author\":{\"name\":\"ReRec\",\"@id\":\"https:\/\/rerec.eu\/da\/#\/schema\/person\/dff28c5d94777e459c86a46269761589\"},\"headline\":\"Ny online tilstedev\u00e6relse\",\"datePublished\":\"2024-12-13T22:36:01+00:00\",\"dateModified\":\"2025-07-27T11:10:11+00:00\",\"mainEntityOfPage\":{\"@id\":\"https:\/\/rerec.eu\/da\/news\/new-online-presence-of-rerec\/\"},\"wordCount\":440,\"publisher\":{\"@id\":\"https:\/\/rerec.eu\/da\/#organization\"},\"image\":{\"@id\":\"https:\/\/rerec.eu\/da\/news\/new-online-presence-of-rerec\/#primaryimage\"},\"thumbnailUrl\":\"https:\/\/rerec.eu\/wp-content\/uploads\/2024\/12\/rerec-neue-internetpraesenz-webdesign.jpg\",\"articleSection\":[\"Nicht kategorisiert\"],\"inLanguage\":\"da-DK\"},{\"@type\":\"WebPage\",\"@id\":\"https:\/\/rerec.eu\/da\/news\/new-online-presence-of-rerec\/\",\"url\":\"https:\/\/rerec.eu\/da\/news\/new-online-presence-of-rerec\/\",\"name\":\"Ny online tilstedev\u00e6relse &#8211; ReRec GmbH\",\"isPartOf\":{\"@id\":\"https:\/\/rerec.eu\/da\/#website\"},\"primaryImageOfPage\":{\"@id\":\"https:\/\/rerec.eu\/da\/news\/new-online-presence-of-rerec\/#primaryimage\"},\"image\":{\"@id\":\"https:\/\/rerec.eu\/da\/news\/new-online-presence-of-rerec\/#primaryimage\"},\"thumbnailUrl\":\"https:\/\/rerec.eu\/wp-content\/uploads\/2024\/12\/rerec-neue-internetpraesenz-webdesign.jpg\",\"datePublished\":\"2024-12-13T22:36:01+00:00\",\"dateModified\":\"2025-07-27T11:10:11+00:00\",\"breadcrumb\":{\"@id\":\"https:\/\/rerec.eu\/da\/news\/new-online-presence-of-rerec\/#breadcrumb\"},\"inLanguage\":\"da-DK\",\"potentialAction\":[{\"@type\":\"ReadAction\",\"target\":[\"https:\/\/rerec.eu\/da\/news\/new-online-presence-of-rerec\/\"]}]},{\"@type\":\"ImageObject\",\"inLanguage\":\"da-DK\",\"@id\":\"https:\/\/rerec.eu\/da\/news\/new-online-presence-of-rerec\/#primaryimage\",\"url\":\"https:\/\/rerec.eu\/wp-content\/uploads\/2024\/12\/rerec-neue-internetpraesenz-webdesign.jpg\",\"contentUrl\":\"https:\/\/rerec.eu\/wp-content\/uploads\/2024\/12\/rerec-neue-internetpraesenz-webdesign.jpg\",\"width\":1280,\"height\":850,\"caption\":\"ReRec neue Internetpr\u00e4senz Webdesign\"},{\"@type\":\"BreadcrumbList\",\"@id\":\"https:\/\/rerec.eu\/da\/news\/new-online-presence-of-rerec\/#breadcrumb\",\"itemListElement\":[{\"@type\":\"ListItem\",\"position\":1,\"name\":\"Home\",\"item\":\"https:\/\/rerec.eu\/da\/\"},{\"@type\":\"ListItem\",\"position\":2,\"name\":\"Ny online tilstedev\u00e6relse\"}]},{\"@type\":\"WebSite\",\"@id\":\"https:\/\/rerec.eu\/da\/#website\",\"url\":\"https:\/\/rerec.eu\/da\/\",\"name\":\"ReRec GmbH\",\"description\":\"Wir kaufen Elektronikschrott, Sonderlegierungen und Edelmetalle aller Art.\",\"publisher\":{\"@id\":\"https:\/\/rerec.eu\/da\/#organization\"},\"alternateName\":\"ReRec Recycling\",\"potentialAction\":[{\"@type\":\"SearchAction\",\"target\":{\"@type\":\"EntryPoint\",\"urlTemplate\":\"https:\/\/rerec.eu\/da\/?s={search_term_string}\"},\"query-input\":{\"@type\":\"PropertyValueSpecification\",\"valueRequired\":true,\"valueName\":\"search_term_string\"}}],\"inLanguage\":\"da-DK\"},{\"@type\":\"Organization\",\"@id\":\"https:\/\/rerec.eu\/da\/#organization\",\"name\":\"ReRec GmbH\",\"alternateName\":\"ReRec Recycling\",\"url\":\"https:\/\/rerec.eu\/da\/\",\"logo\":{\"@type\":\"ImageObject\",\"inLanguage\":\"da-DK\",\"@id\":\"https:\/\/rerec.eu\/da\/#\/schema\/logo\/image\/\",\"url\":\"https:\/\/rerec.eu\/wp-content\/uploads\/2024\/12\/rerec-gmbh-recycling.svg\",\"contentUrl\":\"https:\/\/rerec.eu\/wp-content\/uploads\/2024\/12\/rerec-gmbh-recycling.svg\",\"width\":165,\"height\":50,\"caption\":\"ReRec GmbH\"},\"image\":{\"@id\":\"https:\/\/rerec.eu\/da\/#\/schema\/logo\/image\/\"},\"sameAs\":[\"https:\/\/www.facebook.com\/profile.php?id=100063562990196#\"]},{\"@type\":\"Person\",\"@id\":\"https:\/\/rerec.eu\/da\/#\/schema\/person\/dff28c5d94777e459c86a46269761589\",\"name\":\"ReRec\",\"sameAs\":[\"http:\/\/45.76.89.223\"]}]}<\/script>\n<!-- \/ Yoast SEO plugin. -->","yoast_head_json":{"title":"Ny online tilstedev\u00e6relse &#8211; ReRec GmbH","robots":{"index":"index","follow":"follow","max-snippet":"max-snippet:-1","max-image-preview":"max-image-preview:large","max-video-preview":"max-video-preview:-1"},"canonical":"https:\/\/rerec.eu\/da\/news\/new-online-presence-of-rerec\/","og_locale":"da_DK","og_type":"article","og_title":"Ny online tilstedev\u00e6relse &#8211; ReRec GmbH","og_description":"ReRec GmbH s\u00e6tter endnu en milep\u00e6l i sin virksomhedshistorie: Med ...","og_url":"https:\/\/rerec.eu\/da\/news\/new-online-presence-of-rerec\/","og_site_name":"ReRec GmbH","article_publisher":"https:\/\/www.facebook.com\/profile.php?id=100063562990196#","article_published_time":"2024-12-13T22:36:01+00:00","article_modified_time":"2025-07-27T11:10:11+00:00","og_image":[{"width":1280,"height":850,"url":"https:\/\/rerec.eu\/wp-content\/uploads\/2024\/12\/rerec-neue-internetpraesenz-webdesign.jpg","type":"image\/jpeg"}],"author":"ReRec","twitter_card":"summary_large_image","twitter_misc":{"Skrevet af":"ReRec","Estimeret l\u00e6setid":"2 minutter"},"schema":{"@context":"https:\/\/schema.org","@graph":[{"@type":"Article","@id":"https:\/\/rerec.eu\/da\/news\/new-online-presence-of-rerec\/#article","isPartOf":{"@id":"https:\/\/rerec.eu\/da\/news\/new-online-presence-of-rerec\/"},"author":{"name":"ReRec","@id":"https:\/\/rerec.eu\/da\/#\/schema\/person\/dff28c5d94777e459c86a46269761589"},"headline":"Ny online tilstedev\u00e6relse","datePublished":"2024-12-13T22:36:01+00:00","dateModified":"2025-07-27T11:10:11+00:00","mainEntityOfPage":{"@id":"https:\/\/rerec.eu\/da\/news\/new-online-presence-of-rerec\/"},"wordCount":440,"publisher":{"@id":"https:\/\/rerec.eu\/da\/#organization"},"image":{"@id":"https:\/\/rerec.eu\/da\/news\/new-online-presence-of-rerec\/#primaryimage"},"thumbnailUrl":"https:\/\/rerec.eu\/wp-content\/uploads\/2024\/12\/rerec-neue-internetpraesenz-webdesign.jpg","articleSection":["Nicht kategorisiert"],"inLanguage":"da-DK"},{"@type":"WebPage","@id":"https:\/\/rerec.eu\/da\/news\/new-online-presence-of-rerec\/","url":"https:\/\/rerec.eu\/da\/news\/new-online-presence-of-rerec\/","name":"Ny online tilstedev\u00e6relse &#8211; ReRec GmbH","isPartOf":{"@id":"https:\/\/rerec.eu\/da\/#website"},"primaryImageOfPage":{"@id":"https:\/\/rerec.eu\/da\/news\/new-online-presence-of-rerec\/#primaryimage"},"image":{"@id":"https:\/\/rerec.eu\/da\/news\/new-online-presence-of-rerec\/#primaryimage"},"thumbnailUrl":"https:\/\/rerec.eu\/wp-content\/uploads\/2024\/12\/rerec-neue-internetpraesenz-webdesign.jpg","datePublished":"2024-12-13T22:36:01+00:00","dateModified":"2025-07-27T11:10:11+00:00","breadcrumb":{"@id":"https:\/\/rerec.eu\/da\/news\/new-online-presence-of-rerec\/#breadcrumb"},"inLanguage":"da-DK","potentialAction":[{"@type":"ReadAction","target":["https:\/\/rerec.eu\/da\/news\/new-online-presence-of-rerec\/"]}]},{"@type":"ImageObject","inLanguage":"da-DK","@id":"https:\/\/rerec.eu\/da\/news\/new-online-presence-of-rerec\/#primaryimage","url":"https:\/\/rerec.eu\/wp-content\/uploads\/2024\/12\/rerec-neue-internetpraesenz-webdesign.jpg","contentUrl":"https:\/\/rerec.eu\/wp-content\/uploads\/2024\/12\/rerec-neue-internetpraesenz-webdesign.jpg","width":1280,"height":850,"caption":"ReRec neue Internetpr\u00e4senz Webdesign"},{"@type":"BreadcrumbList","@id":"https:\/\/rerec.eu\/da\/news\/new-online-presence-of-rerec\/#breadcrumb","itemListElement":[{"@type":"ListItem","position":1,"name":"Home","item":"https:\/\/rerec.eu\/da\/"},{"@type":"ListItem","position":2,"name":"Ny online tilstedev\u00e6relse"}]},{"@type":"WebSite","@id":"https:\/\/rerec.eu\/da\/#website","url":"https:\/\/rerec.eu\/da\/","name":"ReRec GmbH","description":"Wir kaufen Elektronikschrott, Sonderlegierungen und Edelmetalle aller Art.","publisher":{"@id":"https:\/\/rerec.eu\/da\/#organization"},"alternateName":"ReRec Recycling","potentialAction":[{"@type":"SearchAction","target":{"@type":"EntryPoint","urlTemplate":"https:\/\/rerec.eu\/da\/?s={search_term_string}"},"query-input":{"@type":"PropertyValueSpecification","valueRequired":true,"valueName":"search_term_string"}}],"inLanguage":"da-DK"},{"@type":"Organization","@id":"https:\/\/rerec.eu\/da\/#organization","name":"ReRec GmbH","alternateName":"ReRec Recycling","url":"https:\/\/rerec.eu\/da\/","logo":{"@type":"ImageObject","inLanguage":"da-DK","@id":"https:\/\/rerec.eu\/da\/#\/schema\/logo\/image\/","url":"https:\/\/rerec.eu\/wp-content\/uploads\/2024\/12\/rerec-gmbh-recycling.svg","contentUrl":"https:\/\/rerec.eu\/wp-content\/uploads\/2024\/12\/rerec-gmbh-recycling.svg","width":165,"height":50,"caption":"ReRec GmbH"},"image":{"@id":"https:\/\/rerec.eu\/da\/#\/schema\/logo\/image\/"},"sameAs":["https:\/\/www.facebook.com\/profile.php?id=100063562990196#"]},{"@type":"Person","@id":"https:\/\/rerec.eu\/da\/#\/schema\/person\/dff28c5d94777e459c86a46269761589","name":"ReRec","sameAs":["http:\/\/45.76.89.223"]}]}},"_links":{"self":[{"href":"https:\/\/rerec.eu\/da\/wp-json\/wp\/v2\/posts\/10848","targetHints":{"allow":["GET"]}}],"collection":[{"href":"https:\/\/rerec.eu\/da\/wp-json\/wp\/v2\/posts"}],"about":[{"href":"https:\/\/rerec.eu\/da\/wp-json\/wp\/v2\/types\/post"}],"author":[{"embeddable":true,"href":"https:\/\/rerec.eu\/da\/wp-json\/wp\/v2\/users\/1"}],"replies":[{"embeddable":true,"href":"https:\/\/rerec.eu\/da\/wp-json\/wp\/v2\/comments?post=10848"}],"version-history":[{"count":1,"href":"https:\/\/rerec.eu\/da\/wp-json\/wp\/v2\/posts\/10848\/revisions"}],"predecessor-version":[{"id":12886,"href":"https:\/\/rerec.eu\/da\/wp-json\/wp\/v2\/posts\/10848\/revisions\/12886"}],"wp:featuredmedia":[{"embeddable":true,"href":"https:\/\/rerec.eu\/da\/wp-json\/wp\/v2\/media\/12885"}],"wp:attachment":[{"href":"https:\/\/rerec.eu\/da\/wp-json\/wp\/v2\/media?parent=10848"}],"wp:term":[{"taxonomy":"category","embeddable":true,"href":"https:\/\/rerec.eu\/da\/wp-json\/wp\/v2\/categories?post=10848"},{"taxonomy":"post_tag","embeddable":true,"href":"https:\/\/rerec.eu\/da\/wp-json\/wp\/v2\/tags?post=10848"}],"curies":[{"name":"wp","href":"https:\/\/api.w.org\/{rel}","templated":true}]}}