{"id":10846,"date":"2024-12-13T23:36:18","date_gmt":"2024-12-13T22:36:18","guid":{"rendered":"https:\/\/rerec.eu\/?p=10846"},"modified":"2025-07-27T12:09:25","modified_gmt":"2025-07-27T11:09:25","slug":"rerec-como-patrocinador-principal","status":"publish","type":"post","link":"https:\/\/rerec.eu\/es\/news\/rerec-as-main-sponsor\/","title":{"rendered":"ReRec como patrocinador principal"},"content":{"rendered":"<p>ReRec GmbH se enorgulleci\u00f3 de ser el patrocinador principal en el evento del Campeonato Europeo de Altin Zogaj y Alexander Rigas. Como empresa con un enfoque claro en la sostenibilidad y la innovaci\u00f3n, fue un placer especial para nosotros apoyar a ambos atletas en sus esfuerzos deportivos. Especialmente destacable es nuestra estrecha relaci\u00f3n personal con Altin Zogaj. No solo lo conocemos como un luchador deportivo, sino tambi\u00e9n como un valioso socio a nivel personal. Su determinaci\u00f3n y pasi\u00f3n tambi\u00e9n reflejan los valores que vivimos en ReRec GmbH: perseverancia, profesionalismo y la b\u00fasqueda constante de la excelencia. Fue un honor para nosotros estar presentes en este evento y apoyar a Altin Zogaj y Alexander Rigas en su camino hacia el Campeonato Europeo. \u00a1Esperamos m\u00e1s \u00e9xitos conjuntos y emocionantes desaf\u00edos que nos acompa\u00f1ar\u00e1n tanto en el deporte como en los negocios!<\/p>\n","protected":false},"excerpt":{"rendered":"<p>ReRec GmbH se enorgulleci\u00f3 de ser el patrocinador principal en &#8230;<\/p>\n","protected":false},"author":1,"featured_media":12863,"comment_status":"closed","ping_status":"closed","sticky":false,"template":"","format":"standard","meta":{"footnotes":""},"categories":[148],"tags":[],"class_list":["post-10846","post","type-post","status-publish","format-standard","has-post-thumbnail","hentry","category-no-categorizado"],"yoast_head":"<!-- This site is optimized with the Yoast SEO plugin v26.8 - https:\/\/yoast.com\/product\/yoast-seo-wordpress\/ -->\n<title>ReRec como patrocinador principal &#8211; ReRec GmbH<\/title>\n<meta name=\"robots\" content=\"index, follow, max-snippet:-1, max-image-preview:large, max-video-preview:-1\" \/>\n<link rel=\"canonical\" href=\"https:\/\/rerec.eu\/es\/news\/rerec-as-main-sponsor\/\" \/>\n<meta property=\"og:locale\" content=\"es_ES\" \/>\n<meta property=\"og:type\" content=\"article\" \/>\n<meta property=\"og:title\" content=\"ReRec como patrocinador principal &#8211; ReRec GmbH\" \/>\n<meta property=\"og:description\" content=\"ReRec GmbH se enorgulleci\u00f3 de ser el patrocinador principal en ...\" \/>\n<meta property=\"og:url\" content=\"https:\/\/rerec.eu\/es\/news\/rerec-as-main-sponsor\/\" \/>\n<meta property=\"og:site_name\" content=\"ReRec GmbH\" \/>\n<meta property=\"article:publisher\" content=\"https:\/\/www.facebook.com\/profile.php?id=100063562990196#\" \/>\n<meta property=\"article:published_time\" content=\"2024-12-13T22:36:18+00:00\" \/>\n<meta property=\"article:modified_time\" content=\"2025-07-27T11:09:25+00:00\" \/>\n<meta property=\"og:image\" content=\"https:\/\/rerec.eu\/wp-content\/uploads\/2024\/12\/rerec-hauptsponsor-altin-zogaj-boxkapf-scharrena.jpeg\" \/>\n\t<meta property=\"og:image:width\" content=\"1080\" \/>\n\t<meta property=\"og:image:height\" content=\"720\" \/>\n\t<meta property=\"og:image:type\" content=\"image\/jpeg\" \/>\n<meta name=\"author\" content=\"ReRec\" \/>\n<meta name=\"twitter:card\" content=\"summary_large_image\" \/>\n<meta name=\"twitter:label1\" content=\"Escrito por\" \/>\n\t<meta name=\"twitter:data1\" content=\"ReRec\" \/>\n\t<meta name=\"twitter:label2\" content=\"Tiempo de lectura\" \/>\n\t<meta name=\"twitter:data2\" content=\"1 minuto\" \/>\n<script type=\"application\/ld+json\" class=\"yoast-schema-graph\">{\"@context\":\"https:\/\/schema.org\",\"@graph\":[{\"@type\":\"Article\",\"@id\":\"https:\/\/rerec.eu\/es\/news\/rerec-as-main-sponsor\/#article\",\"isPartOf\":{\"@id\":\"https:\/\/rerec.eu\/es\/news\/rerec-as-main-sponsor\/\"},\"author\":{\"name\":\"ReRec\",\"@id\":\"https:\/\/rerec.eu\/es\/#\/schema\/person\/dff28c5d94777e459c86a46269761589\"},\"headline\":\"ReRec como patrocinador principal\",\"datePublished\":\"2024-12-13T22:36:18+00:00\",\"dateModified\":\"2025-07-27T11:09:25+00:00\",\"mainEntityOfPage\":{\"@id\":\"https:\/\/rerec.eu\/es\/news\/rerec-as-main-sponsor\/\"},\"wordCount\":154,\"publisher\":{\"@id\":\"https:\/\/rerec.eu\/es\/#organization\"},\"image\":{\"@id\":\"https:\/\/rerec.eu\/es\/news\/rerec-as-main-sponsor\/#primaryimage\"},\"thumbnailUrl\":\"https:\/\/rerec.eu\/wp-content\/uploads\/2024\/12\/rerec-hauptsponsor-altin-zogaj-boxkapf-scharrena.jpeg\",\"articleSection\":[\"No categorizado\"],\"inLanguage\":\"es\"},{\"@type\":\"WebPage\",\"@id\":\"https:\/\/rerec.eu\/es\/news\/rerec-as-main-sponsor\/\",\"url\":\"https:\/\/rerec.eu\/es\/news\/rerec-as-main-sponsor\/\",\"name\":\"ReRec como patrocinador principal &#8211; ReRec GmbH\",\"isPartOf\":{\"@id\":\"https:\/\/rerec.eu\/es\/#website\"},\"primaryImageOfPage\":{\"@id\":\"https:\/\/rerec.eu\/es\/news\/rerec-as-main-sponsor\/#primaryimage\"},\"image\":{\"@id\":\"https:\/\/rerec.eu\/es\/news\/rerec-as-main-sponsor\/#primaryimage\"},\"thumbnailUrl\":\"https:\/\/rerec.eu\/wp-content\/uploads\/2024\/12\/rerec-hauptsponsor-altin-zogaj-boxkapf-scharrena.jpeg\",\"datePublished\":\"2024-12-13T22:36:18+00:00\",\"dateModified\":\"2025-07-27T11:09:25+00:00\",\"breadcrumb\":{\"@id\":\"https:\/\/rerec.eu\/es\/news\/rerec-as-main-sponsor\/#breadcrumb\"},\"inLanguage\":\"es\",\"potentialAction\":[{\"@type\":\"ReadAction\",\"target\":[\"https:\/\/rerec.eu\/es\/news\/rerec-as-main-sponsor\/\"]}]},{\"@type\":\"ImageObject\",\"inLanguage\":\"es\",\"@id\":\"https:\/\/rerec.eu\/es\/news\/rerec-as-main-sponsor\/#primaryimage\",\"url\":\"https:\/\/rerec.eu\/wp-content\/uploads\/2024\/12\/rerec-hauptsponsor-altin-zogaj-boxkapf-scharrena.jpeg\",\"contentUrl\":\"https:\/\/rerec.eu\/wp-content\/uploads\/2024\/12\/rerec-hauptsponsor-altin-zogaj-boxkapf-scharrena.jpeg\",\"width\":1080,\"height\":720,\"caption\":\"ReRec Hauptsponsor Altin Zogaj Boxkampf Scharrena\"},{\"@type\":\"BreadcrumbList\",\"@id\":\"https:\/\/rerec.eu\/es\/news\/rerec-as-main-sponsor\/#breadcrumb\",\"itemListElement\":[{\"@type\":\"ListItem\",\"position\":1,\"name\":\"Home\",\"item\":\"https:\/\/rerec.eu\/es\/\"},{\"@type\":\"ListItem\",\"position\":2,\"name\":\"ReRec como patrocinador principal\"}]},{\"@type\":\"WebSite\",\"@id\":\"https:\/\/rerec.eu\/es\/#website\",\"url\":\"https:\/\/rerec.eu\/es\/\",\"name\":\"ReRec GmbH\",\"description\":\"Wir kaufen Elektronikschrott, Sonderlegierungen und Edelmetalle aller Art.\",\"publisher\":{\"@id\":\"https:\/\/rerec.eu\/es\/#organization\"},\"alternateName\":\"ReRec Recycling\",\"potentialAction\":[{\"@type\":\"SearchAction\",\"target\":{\"@type\":\"EntryPoint\",\"urlTemplate\":\"https:\/\/rerec.eu\/es\/?s={search_term_string}\"},\"query-input\":{\"@type\":\"PropertyValueSpecification\",\"valueRequired\":true,\"valueName\":\"search_term_string\"}}],\"inLanguage\":\"es\"},{\"@type\":\"Organization\",\"@id\":\"https:\/\/rerec.eu\/es\/#organization\",\"name\":\"ReRec GmbH\",\"alternateName\":\"ReRec Recycling\",\"url\":\"https:\/\/rerec.eu\/es\/\",\"logo\":{\"@type\":\"ImageObject\",\"inLanguage\":\"es\",\"@id\":\"https:\/\/rerec.eu\/es\/#\/schema\/logo\/image\/\",\"url\":\"https:\/\/rerec.eu\/wp-content\/uploads\/2024\/12\/rerec-gmbh-recycling.svg\",\"contentUrl\":\"https:\/\/rerec.eu\/wp-content\/uploads\/2024\/12\/rerec-gmbh-recycling.svg\",\"width\":165,\"height\":50,\"caption\":\"ReRec GmbH\"},\"image\":{\"@id\":\"https:\/\/rerec.eu\/es\/#\/schema\/logo\/image\/\"},\"sameAs\":[\"https:\/\/www.facebook.com\/profile.php?id=100063562990196#\"]},{\"@type\":\"Person\",\"@id\":\"https:\/\/rerec.eu\/es\/#\/schema\/person\/dff28c5d94777e459c86a46269761589\",\"name\":\"ReRec\",\"sameAs\":[\"http:\/\/45.76.89.223\"]}]}<\/script>\n<!-- \/ Yoast SEO plugin. -->","yoast_head_json":{"title":"ReRec como patrocinador principal &#8211; ReRec GmbH","robots":{"index":"index","follow":"follow","max-snippet":"max-snippet:-1","max-image-preview":"max-image-preview:large","max-video-preview":"max-video-preview:-1"},"canonical":"https:\/\/rerec.eu\/es\/news\/rerec-as-main-sponsor\/","og_locale":"es_ES","og_type":"article","og_title":"ReRec como patrocinador principal &#8211; ReRec GmbH","og_description":"ReRec GmbH se enorgulleci\u00f3 de ser el patrocinador principal en ...","og_url":"https:\/\/rerec.eu\/es\/news\/rerec-as-main-sponsor\/","og_site_name":"ReRec GmbH","article_publisher":"https:\/\/www.facebook.com\/profile.php?id=100063562990196#","article_published_time":"2024-12-13T22:36:18+00:00","article_modified_time":"2025-07-27T11:09:25+00:00","og_image":[{"width":1080,"height":720,"url":"https:\/\/rerec.eu\/wp-content\/uploads\/2024\/12\/rerec-hauptsponsor-altin-zogaj-boxkapf-scharrena.jpeg","type":"image\/jpeg"}],"author":"ReRec","twitter_card":"summary_large_image","twitter_misc":{"Escrito por":"ReRec","Tiempo de lectura":"1 minuto"},"schema":{"@context":"https:\/\/schema.org","@graph":[{"@type":"Article","@id":"https:\/\/rerec.eu\/es\/news\/rerec-as-main-sponsor\/#article","isPartOf":{"@id":"https:\/\/rerec.eu\/es\/news\/rerec-as-main-sponsor\/"},"author":{"name":"ReRec","@id":"https:\/\/rerec.eu\/es\/#\/schema\/person\/dff28c5d94777e459c86a46269761589"},"headline":"ReRec como patrocinador principal","datePublished":"2024-12-13T22:36:18+00:00","dateModified":"2025-07-27T11:09:25+00:00","mainEntityOfPage":{"@id":"https:\/\/rerec.eu\/es\/news\/rerec-as-main-sponsor\/"},"wordCount":154,"publisher":{"@id":"https:\/\/rerec.eu\/es\/#organization"},"image":{"@id":"https:\/\/rerec.eu\/es\/news\/rerec-as-main-sponsor\/#primaryimage"},"thumbnailUrl":"https:\/\/rerec.eu\/wp-content\/uploads\/2024\/12\/rerec-hauptsponsor-altin-zogaj-boxkapf-scharrena.jpeg","articleSection":["No categorizado"],"inLanguage":"es"},{"@type":"WebPage","@id":"https:\/\/rerec.eu\/es\/news\/rerec-as-main-sponsor\/","url":"https:\/\/rerec.eu\/es\/news\/rerec-as-main-sponsor\/","name":"ReRec como patrocinador principal &#8211; ReRec GmbH","isPartOf":{"@id":"https:\/\/rerec.eu\/es\/#website"},"primaryImageOfPage":{"@id":"https:\/\/rerec.eu\/es\/news\/rerec-as-main-sponsor\/#primaryimage"},"image":{"@id":"https:\/\/rerec.eu\/es\/news\/rerec-as-main-sponsor\/#primaryimage"},"thumbnailUrl":"https:\/\/rerec.eu\/wp-content\/uploads\/2024\/12\/rerec-hauptsponsor-altin-zogaj-boxkapf-scharrena.jpeg","datePublished":"2024-12-13T22:36:18+00:00","dateModified":"2025-07-27T11:09:25+00:00","breadcrumb":{"@id":"https:\/\/rerec.eu\/es\/news\/rerec-as-main-sponsor\/#breadcrumb"},"inLanguage":"es","potentialAction":[{"@type":"ReadAction","target":["https:\/\/rerec.eu\/es\/news\/rerec-as-main-sponsor\/"]}]},{"@type":"ImageObject","inLanguage":"es","@id":"https:\/\/rerec.eu\/es\/news\/rerec-as-main-sponsor\/#primaryimage","url":"https:\/\/rerec.eu\/wp-content\/uploads\/2024\/12\/rerec-hauptsponsor-altin-zogaj-boxkapf-scharrena.jpeg","contentUrl":"https:\/\/rerec.eu\/wp-content\/uploads\/2024\/12\/rerec-hauptsponsor-altin-zogaj-boxkapf-scharrena.jpeg","width":1080,"height":720,"caption":"ReRec Hauptsponsor Altin Zogaj Boxkampf Scharrena"},{"@type":"BreadcrumbList","@id":"https:\/\/rerec.eu\/es\/news\/rerec-as-main-sponsor\/#breadcrumb","itemListElement":[{"@type":"ListItem","position":1,"name":"Home","item":"https:\/\/rerec.eu\/es\/"},{"@type":"ListItem","position":2,"name":"ReRec como patrocinador principal"}]},{"@type":"WebSite","@id":"https:\/\/rerec.eu\/es\/#website","url":"https:\/\/rerec.eu\/es\/","name":"ReRec GmbH","description":"Wir kaufen Elektronikschrott, Sonderlegierungen und Edelmetalle aller Art.","publisher":{"@id":"https:\/\/rerec.eu\/es\/#organization"},"alternateName":"ReRec Recycling","potentialAction":[{"@type":"SearchAction","target":{"@type":"EntryPoint","urlTemplate":"https:\/\/rerec.eu\/es\/?s={search_term_string}"},"query-input":{"@type":"PropertyValueSpecification","valueRequired":true,"valueName":"search_term_string"}}],"inLanguage":"es"},{"@type":"Organization","@id":"https:\/\/rerec.eu\/es\/#organization","name":"ReRec GmbH","alternateName":"ReRec Recycling","url":"https:\/\/rerec.eu\/es\/","logo":{"@type":"ImageObject","inLanguage":"es","@id":"https:\/\/rerec.eu\/es\/#\/schema\/logo\/image\/","url":"https:\/\/rerec.eu\/wp-content\/uploads\/2024\/12\/rerec-gmbh-recycling.svg","contentUrl":"https:\/\/rerec.eu\/wp-content\/uploads\/2024\/12\/rerec-gmbh-recycling.svg","width":165,"height":50,"caption":"ReRec GmbH"},"image":{"@id":"https:\/\/rerec.eu\/es\/#\/schema\/logo\/image\/"},"sameAs":["https:\/\/www.facebook.com\/profile.php?id=100063562990196#"]},{"@type":"Person","@id":"https:\/\/rerec.eu\/es\/#\/schema\/person\/dff28c5d94777e459c86a46269761589","name":"ReRec","sameAs":["http:\/\/45.76.89.223"]}]}},"_links":{"self":[{"href":"https:\/\/rerec.eu\/es\/wp-json\/wp\/v2\/posts\/10846","targetHints":{"allow":["GET"]}}],"collection":[{"href":"https:\/\/rerec.eu\/es\/wp-json\/wp\/v2\/posts"}],"about":[{"href":"https:\/\/rerec.eu\/es\/wp-json\/wp\/v2\/types\/post"}],"author":[{"embeddable":true,"href":"https:\/\/rerec.eu\/es\/wp-json\/wp\/v2\/users\/1"}],"replies":[{"embeddable":true,"href":"https:\/\/rerec.eu\/es\/wp-json\/wp\/v2\/comments?post=10846"}],"version-history":[{"count":1,"href":"https:\/\/rerec.eu\/es\/wp-json\/wp\/v2\/posts\/10846\/revisions"}],"predecessor-version":[{"id":12864,"href":"https:\/\/rerec.eu\/es\/wp-json\/wp\/v2\/posts\/10846\/revisions\/12864"}],"wp:featuredmedia":[{"embeddable":true,"href":"https:\/\/rerec.eu\/es\/wp-json\/wp\/v2\/media\/12863"}],"wp:attachment":[{"href":"https:\/\/rerec.eu\/es\/wp-json\/wp\/v2\/media?parent=10846"}],"wp:term":[{"taxonomy":"category","embeddable":true,"href":"https:\/\/rerec.eu\/es\/wp-json\/wp\/v2\/categories?post=10846"},{"taxonomy":"post_tag","embeddable":true,"href":"https:\/\/rerec.eu\/es\/wp-json\/wp\/v2\/tags?post=10846"}],"curies":[{"name":"wp","href":"https:\/\/api.w.org\/{rel}","templated":true}]}}