{"id":10854,"date":"2024-12-13T23:36:01","date_gmt":"2024-12-13T22:36:01","guid":{"rendered":"https:\/\/rerec.eu\/?p=10854"},"modified":"2025-07-27T12:11:10","modified_gmt":"2025-07-27T11:11:10","slug":"nueva-presencia-en-linea","status":"publish","type":"post","link":"https:\/\/rerec.eu\/es\/news\/new-online-presence-of-rerec\/","title":{"rendered":"Nueva presencia en l\u00ednea"},"content":{"rendered":"<p>ReRec GmbH marca otro hito en su historia empresarial: con un sitio web completamente nuevo, un logo fresco y una identidad de marca revisada, damos un paso innovador hacia el futuro. Nuestra nueva presencia en l\u00ednea ahora refleja no solo nuestra larga experiencia en el campo del reciclaje y la eliminaci\u00f3n, sino tambi\u00e9n nuestro constante esfuerzo por desarrollar y mejorar nuestros servicios. <strong>Nuevo dise\u00f1o: moderno y f\u00e1cil de usar<\/strong> El sitio web revisado es ahora mucho m\u00e1s f\u00e1cil de usar e intuitivo. Los clientes, socios e interesados pueden encontrar r\u00e1pidamente y f\u00e1cilmente la informaci\u00f3n que necesitan sobre nuestros diversos servicios en el campo de la eliminaci\u00f3n de residuos electr\u00f3nicos, la compra de chatarra met\u00e1lica, la destrucci\u00f3n de soportes de datos y muchas otras soluciones de reciclaje. Nuestro objetivo era dise\u00f1ar el sitio web de tal manera que los visitantes pudieran navegar sin esfuerzo para encontrar las ofertas relevantes para sus necesidades. <strong>Logo fresco: identidad clara<\/strong> El nuevo logo de ReRec GmbH es un claro s\u00edmbolo de cambio y crecimiento de nuestra empresa. Con un dise\u00f1o moderno y una estructura clara, transmite nuestros valores de eficiencia, innovaci\u00f3n y sostenibilidad. Es una se\u00f1al visual de que continuamos desarroll\u00e1ndonos como empresa sin perder de vista nuestros principios fundamentales. <strong>Nuevos colores: un look fresco<\/strong> En conjunto con nuestro nuevo logo, tambi\u00e9n hemos modernizado nuestra paleta de colores. Los nuevos colores se seleccionaron cuidadosamente para reflejar nuestros valores e identidad corporativa. Transmiten confianza, transparencia e innovaci\u00f3n y se ajustan perfectamente a nuestro objetivo de liderar no solo en la industria del reciclaje, sino tambi\u00e9n en la presentaci\u00f3n corporativa. <strong>\u00bfPor qu\u00e9 el relanzamiento?<\/strong> Con este redise\u00f1o, no solo queremos atraer a nuestra base de clientes existente, sino tambi\u00e9n ganar nuevos socios comerciales y empresas. Nuestra moderna y fresca presentaci\u00f3n externa muestra que no solo estamos al d\u00eda con la tecnolog\u00eda, sino que tambi\u00e9n queremos apoyar a nuestros clientes y socios de la mejor manera posible. El nuevo sitio web no solo ofrece una estructura clara, sino tambi\u00e9n informaci\u00f3n completa sobre nuestros servicios y los beneficios de una asociaci\u00f3n con ReRec GmbH. <strong>Un paso hacia el futuro<\/strong> Con este relanzamiento, ponemos un claro enfoque en el futuro. Estamos firmemente comprometidos a seguir ofreciendo soluciones de reciclaje innovadoras y a brindar un servicio de primera clase a nuestros clientes y socios. Nuestra nueva presencia en l\u00ednea es solo el primer paso: en los pr\u00f3ximos meses, puede esperar muchos m\u00e1s desarrollos emocionantes. Le invitamos a visitar nuestro nuevo sitio web y a convencerse de nuestra nueva identidad de marca. \u00a1Conf\u00ede en ReRec GmbH, su socio para el reciclaje, la eliminaci\u00f3n y las soluciones sostenibles!<\/p>\n","protected":false},"excerpt":{"rendered":"<p>ReRec GmbH marca otro hito en su historia empresarial: con &#8230;<\/p>\n","protected":false},"author":1,"featured_media":12874,"comment_status":"closed","ping_status":"closed","sticky":false,"template":"","format":"standard","meta":{"footnotes":""},"categories":[148],"tags":[],"class_list":["post-10854","post","type-post","status-publish","format-standard","has-post-thumbnail","hentry","category-no-categorizado"],"yoast_head":"<!-- This site is optimized with the Yoast SEO plugin v26.8 - https:\/\/yoast.com\/product\/yoast-seo-wordpress\/ -->\n<title>Nueva presencia en l\u00ednea &#8211; ReRec GmbH<\/title>\n<meta name=\"robots\" content=\"index, follow, max-snippet:-1, max-image-preview:large, max-video-preview:-1\" \/>\n<link rel=\"canonical\" href=\"https:\/\/rerec.eu\/es\/news\/new-online-presence-of-rerec\/\" \/>\n<meta property=\"og:locale\" content=\"es_ES\" \/>\n<meta property=\"og:type\" content=\"article\" \/>\n<meta property=\"og:title\" content=\"Nueva presencia en l\u00ednea &#8211; ReRec GmbH\" \/>\n<meta property=\"og:description\" content=\"ReRec GmbH marca otro hito en su historia empresarial: con ...\" \/>\n<meta property=\"og:url\" content=\"https:\/\/rerec.eu\/es\/news\/new-online-presence-of-rerec\/\" \/>\n<meta property=\"og:site_name\" content=\"ReRec GmbH\" \/>\n<meta property=\"article:publisher\" content=\"https:\/\/www.facebook.com\/profile.php?id=100063562990196#\" \/>\n<meta property=\"article:published_time\" content=\"2024-12-13T22:36:01+00:00\" \/>\n<meta property=\"article:modified_time\" content=\"2025-07-27T11:11:10+00:00\" \/>\n<meta property=\"og:image\" content=\"https:\/\/rerec.eu\/wp-content\/uploads\/2024\/12\/rerec-neue-internetpraesenz-webdesign.jpg\" \/>\n\t<meta property=\"og:image:width\" content=\"1280\" \/>\n\t<meta property=\"og:image:height\" content=\"850\" \/>\n\t<meta property=\"og:image:type\" content=\"image\/jpeg\" \/>\n<meta name=\"author\" content=\"ReRec\" \/>\n<meta name=\"twitter:card\" content=\"summary_large_image\" \/>\n<meta name=\"twitter:label1\" content=\"Escrito por\" \/>\n\t<meta name=\"twitter:data1\" content=\"ReRec\" \/>\n\t<meta name=\"twitter:label2\" content=\"Tiempo de lectura\" \/>\n\t<meta name=\"twitter:data2\" content=\"2 minutos\" \/>\n<script type=\"application\/ld+json\" class=\"yoast-schema-graph\">{\"@context\":\"https:\/\/schema.org\",\"@graph\":[{\"@type\":\"Article\",\"@id\":\"https:\/\/rerec.eu\/es\/news\/new-online-presence-of-rerec\/#article\",\"isPartOf\":{\"@id\":\"https:\/\/rerec.eu\/es\/news\/new-online-presence-of-rerec\/\"},\"author\":{\"name\":\"ReRec\",\"@id\":\"https:\/\/rerec.eu\/es\/#\/schema\/person\/dff28c5d94777e459c86a46269761589\"},\"headline\":\"Nueva presencia en l\u00ednea\",\"datePublished\":\"2024-12-13T22:36:01+00:00\",\"dateModified\":\"2025-07-27T11:11:10+00:00\",\"mainEntityOfPage\":{\"@id\":\"https:\/\/rerec.eu\/es\/news\/new-online-presence-of-rerec\/\"},\"wordCount\":478,\"publisher\":{\"@id\":\"https:\/\/rerec.eu\/es\/#organization\"},\"image\":{\"@id\":\"https:\/\/rerec.eu\/es\/news\/new-online-presence-of-rerec\/#primaryimage\"},\"thumbnailUrl\":\"https:\/\/rerec.eu\/wp-content\/uploads\/2024\/12\/rerec-neue-internetpraesenz-webdesign.jpg\",\"articleSection\":[\"No categorizado\"],\"inLanguage\":\"es\"},{\"@type\":\"WebPage\",\"@id\":\"https:\/\/rerec.eu\/es\/news\/new-online-presence-of-rerec\/\",\"url\":\"https:\/\/rerec.eu\/es\/news\/new-online-presence-of-rerec\/\",\"name\":\"Nueva presencia en l\u00ednea &#8211; ReRec GmbH\",\"isPartOf\":{\"@id\":\"https:\/\/rerec.eu\/es\/#website\"},\"primaryImageOfPage\":{\"@id\":\"https:\/\/rerec.eu\/es\/news\/new-online-presence-of-rerec\/#primaryimage\"},\"image\":{\"@id\":\"https:\/\/rerec.eu\/es\/news\/new-online-presence-of-rerec\/#primaryimage\"},\"thumbnailUrl\":\"https:\/\/rerec.eu\/wp-content\/uploads\/2024\/12\/rerec-neue-internetpraesenz-webdesign.jpg\",\"datePublished\":\"2024-12-13T22:36:01+00:00\",\"dateModified\":\"2025-07-27T11:11:10+00:00\",\"breadcrumb\":{\"@id\":\"https:\/\/rerec.eu\/es\/news\/new-online-presence-of-rerec\/#breadcrumb\"},\"inLanguage\":\"es\",\"potentialAction\":[{\"@type\":\"ReadAction\",\"target\":[\"https:\/\/rerec.eu\/es\/news\/new-online-presence-of-rerec\/\"]}]},{\"@type\":\"ImageObject\",\"inLanguage\":\"es\",\"@id\":\"https:\/\/rerec.eu\/es\/news\/new-online-presence-of-rerec\/#primaryimage\",\"url\":\"https:\/\/rerec.eu\/wp-content\/uploads\/2024\/12\/rerec-neue-internetpraesenz-webdesign.jpg\",\"contentUrl\":\"https:\/\/rerec.eu\/wp-content\/uploads\/2024\/12\/rerec-neue-internetpraesenz-webdesign.jpg\",\"width\":1280,\"height\":850,\"caption\":\"ReRec neue Internetpr\u00e4senz Webdesign\"},{\"@type\":\"BreadcrumbList\",\"@id\":\"https:\/\/rerec.eu\/es\/news\/new-online-presence-of-rerec\/#breadcrumb\",\"itemListElement\":[{\"@type\":\"ListItem\",\"position\":1,\"name\":\"Home\",\"item\":\"https:\/\/rerec.eu\/es\/\"},{\"@type\":\"ListItem\",\"position\":2,\"name\":\"Nueva presencia en l\u00ednea\"}]},{\"@type\":\"WebSite\",\"@id\":\"https:\/\/rerec.eu\/es\/#website\",\"url\":\"https:\/\/rerec.eu\/es\/\",\"name\":\"ReRec GmbH\",\"description\":\"Wir kaufen Elektronikschrott, Sonderlegierungen und Edelmetalle aller Art.\",\"publisher\":{\"@id\":\"https:\/\/rerec.eu\/es\/#organization\"},\"alternateName\":\"ReRec Recycling\",\"potentialAction\":[{\"@type\":\"SearchAction\",\"target\":{\"@type\":\"EntryPoint\",\"urlTemplate\":\"https:\/\/rerec.eu\/es\/?s={search_term_string}\"},\"query-input\":{\"@type\":\"PropertyValueSpecification\",\"valueRequired\":true,\"valueName\":\"search_term_string\"}}],\"inLanguage\":\"es\"},{\"@type\":\"Organization\",\"@id\":\"https:\/\/rerec.eu\/es\/#organization\",\"name\":\"ReRec GmbH\",\"alternateName\":\"ReRec Recycling\",\"url\":\"https:\/\/rerec.eu\/es\/\",\"logo\":{\"@type\":\"ImageObject\",\"inLanguage\":\"es\",\"@id\":\"https:\/\/rerec.eu\/es\/#\/schema\/logo\/image\/\",\"url\":\"https:\/\/rerec.eu\/wp-content\/uploads\/2024\/12\/rerec-gmbh-recycling.svg\",\"contentUrl\":\"https:\/\/rerec.eu\/wp-content\/uploads\/2024\/12\/rerec-gmbh-recycling.svg\",\"width\":165,\"height\":50,\"caption\":\"ReRec GmbH\"},\"image\":{\"@id\":\"https:\/\/rerec.eu\/es\/#\/schema\/logo\/image\/\"},\"sameAs\":[\"https:\/\/www.facebook.com\/profile.php?id=100063562990196#\"]},{\"@type\":\"Person\",\"@id\":\"https:\/\/rerec.eu\/es\/#\/schema\/person\/dff28c5d94777e459c86a46269761589\",\"name\":\"ReRec\",\"sameAs\":[\"http:\/\/45.76.89.223\"]}]}<\/script>\n<!-- \/ Yoast SEO plugin. -->","yoast_head_json":{"title":"Nueva presencia en l\u00ednea &#8211; ReRec GmbH","robots":{"index":"index","follow":"follow","max-snippet":"max-snippet:-1","max-image-preview":"max-image-preview:large","max-video-preview":"max-video-preview:-1"},"canonical":"https:\/\/rerec.eu\/es\/news\/new-online-presence-of-rerec\/","og_locale":"es_ES","og_type":"article","og_title":"Nueva presencia en l\u00ednea &#8211; ReRec GmbH","og_description":"ReRec GmbH marca otro hito en su historia empresarial: con ...","og_url":"https:\/\/rerec.eu\/es\/news\/new-online-presence-of-rerec\/","og_site_name":"ReRec GmbH","article_publisher":"https:\/\/www.facebook.com\/profile.php?id=100063562990196#","article_published_time":"2024-12-13T22:36:01+00:00","article_modified_time":"2025-07-27T11:11:10+00:00","og_image":[{"width":1280,"height":850,"url":"https:\/\/rerec.eu\/wp-content\/uploads\/2024\/12\/rerec-neue-internetpraesenz-webdesign.jpg","type":"image\/jpeg"}],"author":"ReRec","twitter_card":"summary_large_image","twitter_misc":{"Escrito por":"ReRec","Tiempo de lectura":"2 minutos"},"schema":{"@context":"https:\/\/schema.org","@graph":[{"@type":"Article","@id":"https:\/\/rerec.eu\/es\/news\/new-online-presence-of-rerec\/#article","isPartOf":{"@id":"https:\/\/rerec.eu\/es\/news\/new-online-presence-of-rerec\/"},"author":{"name":"ReRec","@id":"https:\/\/rerec.eu\/es\/#\/schema\/person\/dff28c5d94777e459c86a46269761589"},"headline":"Nueva presencia en l\u00ednea","datePublished":"2024-12-13T22:36:01+00:00","dateModified":"2025-07-27T11:11:10+00:00","mainEntityOfPage":{"@id":"https:\/\/rerec.eu\/es\/news\/new-online-presence-of-rerec\/"},"wordCount":478,"publisher":{"@id":"https:\/\/rerec.eu\/es\/#organization"},"image":{"@id":"https:\/\/rerec.eu\/es\/news\/new-online-presence-of-rerec\/#primaryimage"},"thumbnailUrl":"https:\/\/rerec.eu\/wp-content\/uploads\/2024\/12\/rerec-neue-internetpraesenz-webdesign.jpg","articleSection":["No categorizado"],"inLanguage":"es"},{"@type":"WebPage","@id":"https:\/\/rerec.eu\/es\/news\/new-online-presence-of-rerec\/","url":"https:\/\/rerec.eu\/es\/news\/new-online-presence-of-rerec\/","name":"Nueva presencia en l\u00ednea &#8211; ReRec GmbH","isPartOf":{"@id":"https:\/\/rerec.eu\/es\/#website"},"primaryImageOfPage":{"@id":"https:\/\/rerec.eu\/es\/news\/new-online-presence-of-rerec\/#primaryimage"},"image":{"@id":"https:\/\/rerec.eu\/es\/news\/new-online-presence-of-rerec\/#primaryimage"},"thumbnailUrl":"https:\/\/rerec.eu\/wp-content\/uploads\/2024\/12\/rerec-neue-internetpraesenz-webdesign.jpg","datePublished":"2024-12-13T22:36:01+00:00","dateModified":"2025-07-27T11:11:10+00:00","breadcrumb":{"@id":"https:\/\/rerec.eu\/es\/news\/new-online-presence-of-rerec\/#breadcrumb"},"inLanguage":"es","potentialAction":[{"@type":"ReadAction","target":["https:\/\/rerec.eu\/es\/news\/new-online-presence-of-rerec\/"]}]},{"@type":"ImageObject","inLanguage":"es","@id":"https:\/\/rerec.eu\/es\/news\/new-online-presence-of-rerec\/#primaryimage","url":"https:\/\/rerec.eu\/wp-content\/uploads\/2024\/12\/rerec-neue-internetpraesenz-webdesign.jpg","contentUrl":"https:\/\/rerec.eu\/wp-content\/uploads\/2024\/12\/rerec-neue-internetpraesenz-webdesign.jpg","width":1280,"height":850,"caption":"ReRec neue Internetpr\u00e4senz Webdesign"},{"@type":"BreadcrumbList","@id":"https:\/\/rerec.eu\/es\/news\/new-online-presence-of-rerec\/#breadcrumb","itemListElement":[{"@type":"ListItem","position":1,"name":"Home","item":"https:\/\/rerec.eu\/es\/"},{"@type":"ListItem","position":2,"name":"Nueva presencia en l\u00ednea"}]},{"@type":"WebSite","@id":"https:\/\/rerec.eu\/es\/#website","url":"https:\/\/rerec.eu\/es\/","name":"ReRec GmbH","description":"Wir kaufen Elektronikschrott, Sonderlegierungen und Edelmetalle aller Art.","publisher":{"@id":"https:\/\/rerec.eu\/es\/#organization"},"alternateName":"ReRec Recycling","potentialAction":[{"@type":"SearchAction","target":{"@type":"EntryPoint","urlTemplate":"https:\/\/rerec.eu\/es\/?s={search_term_string}"},"query-input":{"@type":"PropertyValueSpecification","valueRequired":true,"valueName":"search_term_string"}}],"inLanguage":"es"},{"@type":"Organization","@id":"https:\/\/rerec.eu\/es\/#organization","name":"ReRec GmbH","alternateName":"ReRec Recycling","url":"https:\/\/rerec.eu\/es\/","logo":{"@type":"ImageObject","inLanguage":"es","@id":"https:\/\/rerec.eu\/es\/#\/schema\/logo\/image\/","url":"https:\/\/rerec.eu\/wp-content\/uploads\/2024\/12\/rerec-gmbh-recycling.svg","contentUrl":"https:\/\/rerec.eu\/wp-content\/uploads\/2024\/12\/rerec-gmbh-recycling.svg","width":165,"height":50,"caption":"ReRec GmbH"},"image":{"@id":"https:\/\/rerec.eu\/es\/#\/schema\/logo\/image\/"},"sameAs":["https:\/\/www.facebook.com\/profile.php?id=100063562990196#"]},{"@type":"Person","@id":"https:\/\/rerec.eu\/es\/#\/schema\/person\/dff28c5d94777e459c86a46269761589","name":"ReRec","sameAs":["http:\/\/45.76.89.223"]}]}},"_links":{"self":[{"href":"https:\/\/rerec.eu\/es\/wp-json\/wp\/v2\/posts\/10854","targetHints":{"allow":["GET"]}}],"collection":[{"href":"https:\/\/rerec.eu\/es\/wp-json\/wp\/v2\/posts"}],"about":[{"href":"https:\/\/rerec.eu\/es\/wp-json\/wp\/v2\/types\/post"}],"author":[{"embeddable":true,"href":"https:\/\/rerec.eu\/es\/wp-json\/wp\/v2\/users\/1"}],"replies":[{"embeddable":true,"href":"https:\/\/rerec.eu\/es\/wp-json\/wp\/v2\/comments?post=10854"}],"version-history":[{"count":1,"href":"https:\/\/rerec.eu\/es\/wp-json\/wp\/v2\/posts\/10854\/revisions"}],"predecessor-version":[{"id":12875,"href":"https:\/\/rerec.eu\/es\/wp-json\/wp\/v2\/posts\/10854\/revisions\/12875"}],"wp:featuredmedia":[{"embeddable":true,"href":"https:\/\/rerec.eu\/es\/wp-json\/wp\/v2\/media\/12874"}],"wp:attachment":[{"href":"https:\/\/rerec.eu\/es\/wp-json\/wp\/v2\/media?parent=10854"}],"wp:term":[{"taxonomy":"category","embeddable":true,"href":"https:\/\/rerec.eu\/es\/wp-json\/wp\/v2\/categories?post=10854"},{"taxonomy":"post_tag","embeddable":true,"href":"https:\/\/rerec.eu\/es\/wp-json\/wp\/v2\/tags?post=10854"}],"curies":[{"name":"wp","href":"https:\/\/api.w.org\/{rel}","templated":true}]}}