{"id":10843,"date":"2024-12-13T23:36:18","date_gmt":"2024-12-13T22:36:18","guid":{"rendered":"https:\/\/rerec.eu\/?p=10843"},"modified":"2025-07-27T12:08:56","modified_gmt":"2025-07-27T11:08:56","slug":"rerec-en-tant-que-sponsor-principal","status":"publish","type":"post","link":"https:\/\/rerec.eu\/fr\/news\/rerec-as-main-sponsor\/","title":{"rendered":"ReRec en tant que sponsor principal"},"content":{"rendered":"<p>La soci\u00e9t\u00e9 ReRec GmbH \u00e9tait fi\u00e8re d&rsquo;\u00eatre le sponsor principal de l&rsquo;\u00e9v\u00e9nement du Championnat d&rsquo;Europe d&rsquo;Altin Zogaj et Alexander Rigas. En tant qu&rsquo;entreprise avec un accent clair sur la durabilit\u00e9 et l&rsquo;innovation, c&rsquo;\u00e9tait un plaisir particulier pour nous de soutenir ces deux athl\u00e8tes dans leurs efforts sportifs. Il convient de souligner notre relation personnelle \u00e9troite avec Altin Zogaj. Nous le connaissons non seulement en tant que combattant sportif, mais aussi en tant que partenaire pr\u00e9cieux sur le plan priv\u00e9. Sa d\u00e9termination et sa passion refl\u00e8tent \u00e9galement les valeurs que nous vivons chez ReRec GmbH &#8211; la pers\u00e9v\u00e9rance, le professionnalisme et la recherche constante de l&rsquo;excellence. C&rsquo;\u00e9tait un honneur pour nous d&rsquo;\u00eatre pr\u00e9sents \u00e0 cet \u00e9v\u00e9nement et de soutenir Altin Zogaj et Alexander Rigas dans leur qu\u00eate du Championnat d&rsquo;Europe. Nous attendons avec impatience de nouveaux succ\u00e8s communs et des d\u00e9fis passionnants qui nous accompagneront \u00e0 la fois dans le sport et dans les affaires!<\/p>\n","protected":false},"excerpt":{"rendered":"<p>La soci\u00e9t\u00e9 ReRec GmbH \u00e9tait fi\u00e8re d&rsquo;\u00eatre le sponsor principal &#8230;<\/p>\n","protected":false},"author":1,"featured_media":12868,"comment_status":"closed","ping_status":"closed","sticky":false,"template":"","format":"standard","meta":{"footnotes":""},"categories":[145],"tags":[],"class_list":["post-10843","post","type-post","status-publish","format-standard","has-post-thumbnail","hentry","category-non-categorise"],"yoast_head":"<!-- This site is optimized with the Yoast SEO plugin v26.8 - https:\/\/yoast.com\/product\/yoast-seo-wordpress\/ -->\n<title>ReRec en tant que sponsor principal &#8211; ReRec GmbH<\/title>\n<meta name=\"robots\" content=\"index, follow, max-snippet:-1, max-image-preview:large, max-video-preview:-1\" \/>\n<link rel=\"canonical\" href=\"https:\/\/rerec.eu\/fr\/news\/rerec-as-main-sponsor\/\" \/>\n<meta property=\"og:locale\" content=\"fr_FR\" \/>\n<meta property=\"og:type\" content=\"article\" \/>\n<meta property=\"og:title\" content=\"ReRec en tant que sponsor principal &#8211; ReRec GmbH\" \/>\n<meta property=\"og:description\" content=\"La soci\u00e9t\u00e9 ReRec GmbH \u00e9tait fi\u00e8re d&rsquo;\u00eatre le sponsor principal ...\" \/>\n<meta property=\"og:url\" content=\"https:\/\/rerec.eu\/fr\/news\/rerec-as-main-sponsor\/\" \/>\n<meta property=\"og:site_name\" content=\"ReRec GmbH\" \/>\n<meta property=\"article:publisher\" content=\"https:\/\/www.facebook.com\/profile.php?id=100063562990196#\" \/>\n<meta property=\"article:published_time\" content=\"2024-12-13T22:36:18+00:00\" \/>\n<meta property=\"article:modified_time\" content=\"2025-07-27T11:08:56+00:00\" \/>\n<meta property=\"og:image\" content=\"https:\/\/rerec.eu\/wp-content\/uploads\/2024\/12\/rerec-hauptsponsor-altin-zogaj-boxkapf-scharrena.jpeg\" \/>\n\t<meta property=\"og:image:width\" content=\"1080\" \/>\n\t<meta property=\"og:image:height\" content=\"720\" \/>\n\t<meta property=\"og:image:type\" content=\"image\/jpeg\" \/>\n<meta name=\"author\" content=\"ReRec\" \/>\n<meta name=\"twitter:card\" content=\"summary_large_image\" \/>\n<meta name=\"twitter:label1\" content=\"\u00c9crit par\" \/>\n\t<meta name=\"twitter:data1\" content=\"ReRec\" \/>\n\t<meta name=\"twitter:label2\" content=\"Dur\u00e9e de lecture estim\u00e9e\" \/>\n\t<meta name=\"twitter:data2\" content=\"1 minute\" \/>\n<script type=\"application\/ld+json\" class=\"yoast-schema-graph\">{\"@context\":\"https:\/\/schema.org\",\"@graph\":[{\"@type\":\"Article\",\"@id\":\"https:\/\/rerec.eu\/fr\/news\/rerec-as-main-sponsor\/#article\",\"isPartOf\":{\"@id\":\"https:\/\/rerec.eu\/fr\/news\/rerec-as-main-sponsor\/\"},\"author\":{\"name\":\"ReRec\",\"@id\":\"https:\/\/rerec.eu\/fr\/#\/schema\/person\/dff28c5d94777e459c86a46269761589\"},\"headline\":\"ReRec en tant que sponsor principal\",\"datePublished\":\"2024-12-13T22:36:18+00:00\",\"dateModified\":\"2025-07-27T11:08:56+00:00\",\"mainEntityOfPage\":{\"@id\":\"https:\/\/rerec.eu\/fr\/news\/rerec-as-main-sponsor\/\"},\"wordCount\":183,\"publisher\":{\"@id\":\"https:\/\/rerec.eu\/fr\/#organization\"},\"image\":{\"@id\":\"https:\/\/rerec.eu\/fr\/news\/rerec-as-main-sponsor\/#primaryimage\"},\"thumbnailUrl\":\"https:\/\/rerec.eu\/wp-content\/uploads\/2024\/12\/rerec-hauptsponsor-altin-zogaj-boxkapf-scharrena.jpeg\",\"articleSection\":[\"Non cat\u00e9goris\u00e9\"],\"inLanguage\":\"fr-FR\"},{\"@type\":\"WebPage\",\"@id\":\"https:\/\/rerec.eu\/fr\/news\/rerec-as-main-sponsor\/\",\"url\":\"https:\/\/rerec.eu\/fr\/news\/rerec-as-main-sponsor\/\",\"name\":\"ReRec en tant que sponsor principal &#8211; ReRec GmbH\",\"isPartOf\":{\"@id\":\"https:\/\/rerec.eu\/fr\/#website\"},\"primaryImageOfPage\":{\"@id\":\"https:\/\/rerec.eu\/fr\/news\/rerec-as-main-sponsor\/#primaryimage\"},\"image\":{\"@id\":\"https:\/\/rerec.eu\/fr\/news\/rerec-as-main-sponsor\/#primaryimage\"},\"thumbnailUrl\":\"https:\/\/rerec.eu\/wp-content\/uploads\/2024\/12\/rerec-hauptsponsor-altin-zogaj-boxkapf-scharrena.jpeg\",\"datePublished\":\"2024-12-13T22:36:18+00:00\",\"dateModified\":\"2025-07-27T11:08:56+00:00\",\"breadcrumb\":{\"@id\":\"https:\/\/rerec.eu\/fr\/news\/rerec-as-main-sponsor\/#breadcrumb\"},\"inLanguage\":\"fr-FR\",\"potentialAction\":[{\"@type\":\"ReadAction\",\"target\":[\"https:\/\/rerec.eu\/fr\/news\/rerec-as-main-sponsor\/\"]}]},{\"@type\":\"ImageObject\",\"inLanguage\":\"fr-FR\",\"@id\":\"https:\/\/rerec.eu\/fr\/news\/rerec-as-main-sponsor\/#primaryimage\",\"url\":\"https:\/\/rerec.eu\/wp-content\/uploads\/2024\/12\/rerec-hauptsponsor-altin-zogaj-boxkapf-scharrena.jpeg\",\"contentUrl\":\"https:\/\/rerec.eu\/wp-content\/uploads\/2024\/12\/rerec-hauptsponsor-altin-zogaj-boxkapf-scharrena.jpeg\",\"width\":1080,\"height\":720,\"caption\":\"ReRec Hauptsponsor Altin Zogaj Boxkampf Scharrena\"},{\"@type\":\"BreadcrumbList\",\"@id\":\"https:\/\/rerec.eu\/fr\/news\/rerec-as-main-sponsor\/#breadcrumb\",\"itemListElement\":[{\"@type\":\"ListItem\",\"position\":1,\"name\":\"Home\",\"item\":\"https:\/\/rerec.eu\/fr\/\"},{\"@type\":\"ListItem\",\"position\":2,\"name\":\"ReRec en tant que sponsor principal\"}]},{\"@type\":\"WebSite\",\"@id\":\"https:\/\/rerec.eu\/fr\/#website\",\"url\":\"https:\/\/rerec.eu\/fr\/\",\"name\":\"ReRec GmbH\",\"description\":\"Wir kaufen Elektronikschrott, Sonderlegierungen und Edelmetalle aller Art.\",\"publisher\":{\"@id\":\"https:\/\/rerec.eu\/fr\/#organization\"},\"alternateName\":\"ReRec Recycling\",\"potentialAction\":[{\"@type\":\"SearchAction\",\"target\":{\"@type\":\"EntryPoint\",\"urlTemplate\":\"https:\/\/rerec.eu\/fr\/?s={search_term_string}\"},\"query-input\":{\"@type\":\"PropertyValueSpecification\",\"valueRequired\":true,\"valueName\":\"search_term_string\"}}],\"inLanguage\":\"fr-FR\"},{\"@type\":\"Organization\",\"@id\":\"https:\/\/rerec.eu\/fr\/#organization\",\"name\":\"ReRec GmbH\",\"alternateName\":\"ReRec Recycling\",\"url\":\"https:\/\/rerec.eu\/fr\/\",\"logo\":{\"@type\":\"ImageObject\",\"inLanguage\":\"fr-FR\",\"@id\":\"https:\/\/rerec.eu\/fr\/#\/schema\/logo\/image\/\",\"url\":\"https:\/\/rerec.eu\/wp-content\/uploads\/2024\/12\/rerec-gmbh-recycling.svg\",\"contentUrl\":\"https:\/\/rerec.eu\/wp-content\/uploads\/2024\/12\/rerec-gmbh-recycling.svg\",\"width\":165,\"height\":50,\"caption\":\"ReRec GmbH\"},\"image\":{\"@id\":\"https:\/\/rerec.eu\/fr\/#\/schema\/logo\/image\/\"},\"sameAs\":[\"https:\/\/www.facebook.com\/profile.php?id=100063562990196#\"]},{\"@type\":\"Person\",\"@id\":\"https:\/\/rerec.eu\/fr\/#\/schema\/person\/dff28c5d94777e459c86a46269761589\",\"name\":\"ReRec\",\"sameAs\":[\"http:\/\/45.76.89.223\"]}]}<\/script>\n<!-- \/ Yoast SEO plugin. -->","yoast_head_json":{"title":"ReRec en tant que sponsor principal &#8211; ReRec GmbH","robots":{"index":"index","follow":"follow","max-snippet":"max-snippet:-1","max-image-preview":"max-image-preview:large","max-video-preview":"max-video-preview:-1"},"canonical":"https:\/\/rerec.eu\/fr\/news\/rerec-as-main-sponsor\/","og_locale":"fr_FR","og_type":"article","og_title":"ReRec en tant que sponsor principal &#8211; ReRec GmbH","og_description":"La soci\u00e9t\u00e9 ReRec GmbH \u00e9tait fi\u00e8re d&rsquo;\u00eatre le sponsor principal ...","og_url":"https:\/\/rerec.eu\/fr\/news\/rerec-as-main-sponsor\/","og_site_name":"ReRec GmbH","article_publisher":"https:\/\/www.facebook.com\/profile.php?id=100063562990196#","article_published_time":"2024-12-13T22:36:18+00:00","article_modified_time":"2025-07-27T11:08:56+00:00","og_image":[{"width":1080,"height":720,"url":"https:\/\/rerec.eu\/wp-content\/uploads\/2024\/12\/rerec-hauptsponsor-altin-zogaj-boxkapf-scharrena.jpeg","type":"image\/jpeg"}],"author":"ReRec","twitter_card":"summary_large_image","twitter_misc":{"\u00c9crit par":"ReRec","Dur\u00e9e de lecture estim\u00e9e":"1 minute"},"schema":{"@context":"https:\/\/schema.org","@graph":[{"@type":"Article","@id":"https:\/\/rerec.eu\/fr\/news\/rerec-as-main-sponsor\/#article","isPartOf":{"@id":"https:\/\/rerec.eu\/fr\/news\/rerec-as-main-sponsor\/"},"author":{"name":"ReRec","@id":"https:\/\/rerec.eu\/fr\/#\/schema\/person\/dff28c5d94777e459c86a46269761589"},"headline":"ReRec en tant que sponsor principal","datePublished":"2024-12-13T22:36:18+00:00","dateModified":"2025-07-27T11:08:56+00:00","mainEntityOfPage":{"@id":"https:\/\/rerec.eu\/fr\/news\/rerec-as-main-sponsor\/"},"wordCount":183,"publisher":{"@id":"https:\/\/rerec.eu\/fr\/#organization"},"image":{"@id":"https:\/\/rerec.eu\/fr\/news\/rerec-as-main-sponsor\/#primaryimage"},"thumbnailUrl":"https:\/\/rerec.eu\/wp-content\/uploads\/2024\/12\/rerec-hauptsponsor-altin-zogaj-boxkapf-scharrena.jpeg","articleSection":["Non cat\u00e9goris\u00e9"],"inLanguage":"fr-FR"},{"@type":"WebPage","@id":"https:\/\/rerec.eu\/fr\/news\/rerec-as-main-sponsor\/","url":"https:\/\/rerec.eu\/fr\/news\/rerec-as-main-sponsor\/","name":"ReRec en tant que sponsor principal &#8211; ReRec GmbH","isPartOf":{"@id":"https:\/\/rerec.eu\/fr\/#website"},"primaryImageOfPage":{"@id":"https:\/\/rerec.eu\/fr\/news\/rerec-as-main-sponsor\/#primaryimage"},"image":{"@id":"https:\/\/rerec.eu\/fr\/news\/rerec-as-main-sponsor\/#primaryimage"},"thumbnailUrl":"https:\/\/rerec.eu\/wp-content\/uploads\/2024\/12\/rerec-hauptsponsor-altin-zogaj-boxkapf-scharrena.jpeg","datePublished":"2024-12-13T22:36:18+00:00","dateModified":"2025-07-27T11:08:56+00:00","breadcrumb":{"@id":"https:\/\/rerec.eu\/fr\/news\/rerec-as-main-sponsor\/#breadcrumb"},"inLanguage":"fr-FR","potentialAction":[{"@type":"ReadAction","target":["https:\/\/rerec.eu\/fr\/news\/rerec-as-main-sponsor\/"]}]},{"@type":"ImageObject","inLanguage":"fr-FR","@id":"https:\/\/rerec.eu\/fr\/news\/rerec-as-main-sponsor\/#primaryimage","url":"https:\/\/rerec.eu\/wp-content\/uploads\/2024\/12\/rerec-hauptsponsor-altin-zogaj-boxkapf-scharrena.jpeg","contentUrl":"https:\/\/rerec.eu\/wp-content\/uploads\/2024\/12\/rerec-hauptsponsor-altin-zogaj-boxkapf-scharrena.jpeg","width":1080,"height":720,"caption":"ReRec Hauptsponsor Altin Zogaj Boxkampf Scharrena"},{"@type":"BreadcrumbList","@id":"https:\/\/rerec.eu\/fr\/news\/rerec-as-main-sponsor\/#breadcrumb","itemListElement":[{"@type":"ListItem","position":1,"name":"Home","item":"https:\/\/rerec.eu\/fr\/"},{"@type":"ListItem","position":2,"name":"ReRec en tant que sponsor principal"}]},{"@type":"WebSite","@id":"https:\/\/rerec.eu\/fr\/#website","url":"https:\/\/rerec.eu\/fr\/","name":"ReRec GmbH","description":"Wir kaufen Elektronikschrott, Sonderlegierungen und Edelmetalle aller Art.","publisher":{"@id":"https:\/\/rerec.eu\/fr\/#organization"},"alternateName":"ReRec Recycling","potentialAction":[{"@type":"SearchAction","target":{"@type":"EntryPoint","urlTemplate":"https:\/\/rerec.eu\/fr\/?s={search_term_string}"},"query-input":{"@type":"PropertyValueSpecification","valueRequired":true,"valueName":"search_term_string"}}],"inLanguage":"fr-FR"},{"@type":"Organization","@id":"https:\/\/rerec.eu\/fr\/#organization","name":"ReRec GmbH","alternateName":"ReRec Recycling","url":"https:\/\/rerec.eu\/fr\/","logo":{"@type":"ImageObject","inLanguage":"fr-FR","@id":"https:\/\/rerec.eu\/fr\/#\/schema\/logo\/image\/","url":"https:\/\/rerec.eu\/wp-content\/uploads\/2024\/12\/rerec-gmbh-recycling.svg","contentUrl":"https:\/\/rerec.eu\/wp-content\/uploads\/2024\/12\/rerec-gmbh-recycling.svg","width":165,"height":50,"caption":"ReRec GmbH"},"image":{"@id":"https:\/\/rerec.eu\/fr\/#\/schema\/logo\/image\/"},"sameAs":["https:\/\/www.facebook.com\/profile.php?id=100063562990196#"]},{"@type":"Person","@id":"https:\/\/rerec.eu\/fr\/#\/schema\/person\/dff28c5d94777e459c86a46269761589","name":"ReRec","sameAs":["http:\/\/45.76.89.223"]}]}},"_links":{"self":[{"href":"https:\/\/rerec.eu\/fr\/wp-json\/wp\/v2\/posts\/10843","targetHints":{"allow":["GET"]}}],"collection":[{"href":"https:\/\/rerec.eu\/fr\/wp-json\/wp\/v2\/posts"}],"about":[{"href":"https:\/\/rerec.eu\/fr\/wp-json\/wp\/v2\/types\/post"}],"author":[{"embeddable":true,"href":"https:\/\/rerec.eu\/fr\/wp-json\/wp\/v2\/users\/1"}],"replies":[{"embeddable":true,"href":"https:\/\/rerec.eu\/fr\/wp-json\/wp\/v2\/comments?post=10843"}],"version-history":[{"count":1,"href":"https:\/\/rerec.eu\/fr\/wp-json\/wp\/v2\/posts\/10843\/revisions"}],"predecessor-version":[{"id":12869,"href":"https:\/\/rerec.eu\/fr\/wp-json\/wp\/v2\/posts\/10843\/revisions\/12869"}],"wp:featuredmedia":[{"embeddable":true,"href":"https:\/\/rerec.eu\/fr\/wp-json\/wp\/v2\/media\/12868"}],"wp:attachment":[{"href":"https:\/\/rerec.eu\/fr\/wp-json\/wp\/v2\/media?parent=10843"}],"wp:term":[{"taxonomy":"category","embeddable":true,"href":"https:\/\/rerec.eu\/fr\/wp-json\/wp\/v2\/categories?post=10843"},{"taxonomy":"post_tag","embeddable":true,"href":"https:\/\/rerec.eu\/fr\/wp-json\/wp\/v2\/tags?post=10843"}],"curies":[{"name":"wp","href":"https:\/\/api.w.org\/{rel}","templated":true}]}}