{"id":10852,"date":"2024-12-13T23:36:01","date_gmt":"2024-12-13T22:36:01","guid":{"rendered":"https:\/\/rerec.eu\/?p=10852"},"modified":"2025-07-27T12:10:50","modified_gmt":"2025-07-27T11:10:50","slug":"nowa-obecnosc-online","status":"publish","type":"post","link":"https:\/\/rerec.eu\/pl\/news\/new-online-presence-of-rerec\/","title":{"rendered":"Nowa obecno\u015b\u0107 online"},"content":{"rendered":"<p>ReRec GmbH osi\u0105ga kolejny kamie\u0144 milowy w swojej historii firmy: z zupe\u0142nie now\u0105 stron\u0105 internetow\u0105, \u015bwie\u017cym logo i od\u015bwie\u017con\u0105 to\u017csamo\u015bci\u0105 marki, kroczymy innowacyjnym krokiem w kierunku przysz\u0142o\u015bci. Nasza nowa obecno\u015b\u0107 online odzwierciedla teraz nie tylko nasze wieloletnie do\u015bwiadczenie w dziedzinie recyklingu i utylizacji, ale tak\u017ce nasze nieustanne d\u0105\u017cenie do rozwoju i poprawy naszych us\u0142ug. <strong>Nowy design \u2013 nowoczesny i przyjazny dla u\u017cytkownika<\/strong> Przebudowana strona internetowa jest teraz znacznie bardziej przyjazna dla u\u017cytkownika i intuicyjna. Klienci, partnerzy i zainteresowani szybko i \u0142atwo znajd\u0105 potrzebne informacje na temat naszych r\u00f3\u017cnorodnych us\u0142ug w zakresie utylizacji odpad\u00f3w elektronicznych, skupu z\u0142omu metalowego, niszczenia no\u015bnik\u00f3w danych i wielu innych rozwi\u0105za\u0144 recyklingowych. Naszym celem by\u0142o stworzenie strony internetowej, na kt\u00f3rej odwiedzaj\u0105cy mog\u0105 \u0142atwo nawigowa\u0107, aby znale\u017a\u0107 odpowiednie oferty dla swoich potrzeb. <strong>\u015awie\u017ce logo \u2013 jasna to\u017csamo\u015b\u0107<\/strong> Nowe logo ReRec GmbH jest wyra\u017anym symbolem zmiany i wzrostu naszej firmy. Dzi\u0119ki nowoczesnemu designowi i klarownej strukturze przekazuje nasze warto\u015bci efektywno\u015bci, innowacyjno\u015bci i zr\u00f3wnowa\u017conego rozwoju. Jest to wizualny znak, \u017ce jako firma ci\u0105gle si\u0119 rozwijamy, nie trac\u0105c z oczu naszych podstawowych zasad. <strong>Nowe kolory \u2013 \u015bwie\u017cy wygl\u0105d<\/strong> Wraz z naszym nowym logo zmodernizowali\u015bmy r\u00f3wnie\u017c nasz\u0105 palet\u0119 kolor\u00f3w. Nowe kolory zosta\u0142y starannie dobrane, aby odzwierciedla\u0107 nasze warto\u015bci i to\u017csamo\u015b\u0107 firmy. Przekazuj\u0105 zaufanie, przejrzysto\u015b\u0107 i innowacyjno\u015b\u0107 i doskonale pasuj\u0105 do naszego celu, aby by\u0107 liderem nie tylko w bran\u017cy recyklingu, ale tak\u017ce w prezentacji firmy. <strong>Dlaczego relaunch?<\/strong> Z t\u0105 now\u0105 koncepcj\u0105 chcemy nie tylko zwr\u00f3ci\u0107 si\u0119 do naszej istniej\u0105cej bazy klient\u00f3w, ale tak\u017ce zdoby\u0107 nowych partner\u00f3w biznesowych i firmy. Nasza nowoczesna i \u015bwie\u017ca prezentacja na zewn\u0105trz pokazuje, \u017ce nie tylko jeste\u015bmy na bie\u017c\u0105co z technologi\u0105, ale tak\u017ce chcemy jak najlepiej wspiera\u0107 naszych klient\u00f3w i partner\u00f3w. Nowa strona internetowa oferuje nie tylko klarown\u0105 struktur\u0119, ale tak\u017ce obszerne informacje na temat naszych us\u0142ug i korzy\u015bci, jakie niesie ze sob\u0105 partnerstwo z ReRec GmbH. <strong>Krok w przysz\u0142o\u015b\u0107<\/strong> Z tym relaunchem skupiamy si\u0119 wyra\u017anie na przysz\u0142o\u015b\u0107. Jeste\u015bmy zdecydowani, aby nadal oferowa\u0107 innowacyjne rozwi\u0105zania recyklingowe i zapewnia\u0107 naszym klientom i partnerom us\u0142ugi na najwy\u017cszym poziomie. Nasza nowa obecno\u015b\u0107 online to tylko pierwszy krok &#8211; w nadchodz\u0105cych miesi\u0105cach mo\u017cecie Pa\u0144stwo oczekiwa\u0107 wielu innych ekscytuj\u0105cych rozwoj\u00f3w. Zapraszamy do odwiedzenia naszej nowej strony internetowej i przekonania si\u0119 na w\u0142asne oczy o naszej nowej to\u017csamo\u015bci marki. Polegaj na ReRec GmbH, Twoim partnerze w recyklingu, utylizacji i zr\u00f3wnowa\u017conych rozwi\u0105zaniach!<\/p>\n","protected":false},"excerpt":{"rendered":"<p>ReRec GmbH osi\u0105ga kolejny kamie\u0144 milowy w swojej historii firmy: &#8230;<\/p>\n","protected":false},"author":1,"featured_media":12878,"comment_status":"closed","ping_status":"closed","sticky":false,"template":"","format":"standard","meta":{"footnotes":""},"categories":[146],"tags":[],"class_list":["post-10852","post","type-post","status-publish","format-standard","has-post-thumbnail","hentry","category-nie-skategoryzowane"],"yoast_head":"<!-- This site is optimized with the Yoast SEO plugin v26.8 - https:\/\/yoast.com\/product\/yoast-seo-wordpress\/ -->\n<title>Nowa obecno\u015b\u0107 online &#8211; ReRec GmbH<\/title>\n<meta name=\"robots\" content=\"index, follow, max-snippet:-1, max-image-preview:large, max-video-preview:-1\" \/>\n<link rel=\"canonical\" href=\"https:\/\/rerec.eu\/pl\/news\/new-online-presence-of-rerec\/\" \/>\n<meta property=\"og:locale\" content=\"pl_PL\" \/>\n<meta property=\"og:type\" content=\"article\" \/>\n<meta property=\"og:title\" content=\"Nowa obecno\u015b\u0107 online &#8211; ReRec GmbH\" \/>\n<meta property=\"og:description\" content=\"ReRec GmbH osi\u0105ga kolejny kamie\u0144 milowy w swojej historii firmy: ...\" \/>\n<meta property=\"og:url\" content=\"https:\/\/rerec.eu\/pl\/news\/new-online-presence-of-rerec\/\" \/>\n<meta property=\"og:site_name\" content=\"ReRec GmbH\" \/>\n<meta property=\"article:publisher\" content=\"https:\/\/www.facebook.com\/profile.php?id=100063562990196#\" \/>\n<meta property=\"article:published_time\" content=\"2024-12-13T22:36:01+00:00\" \/>\n<meta property=\"article:modified_time\" content=\"2025-07-27T11:10:50+00:00\" \/>\n<meta property=\"og:image\" content=\"https:\/\/rerec.eu\/wp-content\/uploads\/2024\/12\/rerec-neue-internetpraesenz-webdesign.jpg\" \/>\n\t<meta property=\"og:image:width\" content=\"1280\" \/>\n\t<meta property=\"og:image:height\" content=\"850\" \/>\n\t<meta property=\"og:image:type\" content=\"image\/jpeg\" \/>\n<meta name=\"author\" content=\"ReRec\" \/>\n<meta name=\"twitter:card\" content=\"summary_large_image\" \/>\n<meta name=\"twitter:label1\" content=\"Napisane przez\" \/>\n\t<meta name=\"twitter:data1\" content=\"ReRec\" \/>\n\t<meta name=\"twitter:label2\" content=\"Szacowany czas czytania\" \/>\n\t<meta name=\"twitter:data2\" content=\"2 minuty\" \/>\n<script type=\"application\/ld+json\" class=\"yoast-schema-graph\">{\"@context\":\"https:\/\/schema.org\",\"@graph\":[{\"@type\":\"Article\",\"@id\":\"https:\/\/rerec.eu\/pl\/news\/new-online-presence-of-rerec\/#article\",\"isPartOf\":{\"@id\":\"https:\/\/rerec.eu\/pl\/news\/new-online-presence-of-rerec\/\"},\"author\":{\"name\":\"ReRec\",\"@id\":\"https:\/\/rerec.eu\/pl\/#\/schema\/person\/dff28c5d94777e459c86a46269761589\"},\"headline\":\"Nowa obecno\u015b\u0107 online\",\"datePublished\":\"2024-12-13T22:36:01+00:00\",\"dateModified\":\"2025-07-27T11:10:50+00:00\",\"mainEntityOfPage\":{\"@id\":\"https:\/\/rerec.eu\/pl\/news\/new-online-presence-of-rerec\/\"},\"wordCount\":457,\"publisher\":{\"@id\":\"https:\/\/rerec.eu\/pl\/#organization\"},\"image\":{\"@id\":\"https:\/\/rerec.eu\/pl\/news\/new-online-presence-of-rerec\/#primaryimage\"},\"thumbnailUrl\":\"https:\/\/rerec.eu\/wp-content\/uploads\/2024\/12\/rerec-neue-internetpraesenz-webdesign.jpg\",\"articleSection\":[\"Nie skategoryzowane\"],\"inLanguage\":\"pl-PL\"},{\"@type\":\"WebPage\",\"@id\":\"https:\/\/rerec.eu\/pl\/news\/new-online-presence-of-rerec\/\",\"url\":\"https:\/\/rerec.eu\/pl\/news\/new-online-presence-of-rerec\/\",\"name\":\"Nowa obecno\u015b\u0107 online &#8211; ReRec GmbH\",\"isPartOf\":{\"@id\":\"https:\/\/rerec.eu\/pl\/#website\"},\"primaryImageOfPage\":{\"@id\":\"https:\/\/rerec.eu\/pl\/news\/new-online-presence-of-rerec\/#primaryimage\"},\"image\":{\"@id\":\"https:\/\/rerec.eu\/pl\/news\/new-online-presence-of-rerec\/#primaryimage\"},\"thumbnailUrl\":\"https:\/\/rerec.eu\/wp-content\/uploads\/2024\/12\/rerec-neue-internetpraesenz-webdesign.jpg\",\"datePublished\":\"2024-12-13T22:36:01+00:00\",\"dateModified\":\"2025-07-27T11:10:50+00:00\",\"breadcrumb\":{\"@id\":\"https:\/\/rerec.eu\/pl\/news\/new-online-presence-of-rerec\/#breadcrumb\"},\"inLanguage\":\"pl-PL\",\"potentialAction\":[{\"@type\":\"ReadAction\",\"target\":[\"https:\/\/rerec.eu\/pl\/news\/new-online-presence-of-rerec\/\"]}]},{\"@type\":\"ImageObject\",\"inLanguage\":\"pl-PL\",\"@id\":\"https:\/\/rerec.eu\/pl\/news\/new-online-presence-of-rerec\/#primaryimage\",\"url\":\"https:\/\/rerec.eu\/wp-content\/uploads\/2024\/12\/rerec-neue-internetpraesenz-webdesign.jpg\",\"contentUrl\":\"https:\/\/rerec.eu\/wp-content\/uploads\/2024\/12\/rerec-neue-internetpraesenz-webdesign.jpg\",\"width\":1280,\"height\":850,\"caption\":\"ReRec neue Internetpr\u00e4senz Webdesign\"},{\"@type\":\"BreadcrumbList\",\"@id\":\"https:\/\/rerec.eu\/pl\/news\/new-online-presence-of-rerec\/#breadcrumb\",\"itemListElement\":[{\"@type\":\"ListItem\",\"position\":1,\"name\":\"Home\",\"item\":\"https:\/\/rerec.eu\/pl\/\"},{\"@type\":\"ListItem\",\"position\":2,\"name\":\"Nowa obecno\u015b\u0107 online\"}]},{\"@type\":\"WebSite\",\"@id\":\"https:\/\/rerec.eu\/pl\/#website\",\"url\":\"https:\/\/rerec.eu\/pl\/\",\"name\":\"ReRec GmbH\",\"description\":\"Wir kaufen Elektronikschrott, Sonderlegierungen und Edelmetalle aller Art.\",\"publisher\":{\"@id\":\"https:\/\/rerec.eu\/pl\/#organization\"},\"alternateName\":\"ReRec Recycling\",\"potentialAction\":[{\"@type\":\"SearchAction\",\"target\":{\"@type\":\"EntryPoint\",\"urlTemplate\":\"https:\/\/rerec.eu\/pl\/?s={search_term_string}\"},\"query-input\":{\"@type\":\"PropertyValueSpecification\",\"valueRequired\":true,\"valueName\":\"search_term_string\"}}],\"inLanguage\":\"pl-PL\"},{\"@type\":\"Organization\",\"@id\":\"https:\/\/rerec.eu\/pl\/#organization\",\"name\":\"ReRec GmbH\",\"alternateName\":\"ReRec Recycling\",\"url\":\"https:\/\/rerec.eu\/pl\/\",\"logo\":{\"@type\":\"ImageObject\",\"inLanguage\":\"pl-PL\",\"@id\":\"https:\/\/rerec.eu\/pl\/#\/schema\/logo\/image\/\",\"url\":\"https:\/\/rerec.eu\/wp-content\/uploads\/2024\/12\/rerec-gmbh-recycling.svg\",\"contentUrl\":\"https:\/\/rerec.eu\/wp-content\/uploads\/2024\/12\/rerec-gmbh-recycling.svg\",\"width\":165,\"height\":50,\"caption\":\"ReRec GmbH\"},\"image\":{\"@id\":\"https:\/\/rerec.eu\/pl\/#\/schema\/logo\/image\/\"},\"sameAs\":[\"https:\/\/www.facebook.com\/profile.php?id=100063562990196#\"]},{\"@type\":\"Person\",\"@id\":\"https:\/\/rerec.eu\/pl\/#\/schema\/person\/dff28c5d94777e459c86a46269761589\",\"name\":\"ReRec\",\"sameAs\":[\"http:\/\/45.76.89.223\"]}]}<\/script>\n<!-- \/ Yoast SEO plugin. -->","yoast_head_json":{"title":"Nowa obecno\u015b\u0107 online &#8211; ReRec GmbH","robots":{"index":"index","follow":"follow","max-snippet":"max-snippet:-1","max-image-preview":"max-image-preview:large","max-video-preview":"max-video-preview:-1"},"canonical":"https:\/\/rerec.eu\/pl\/news\/new-online-presence-of-rerec\/","og_locale":"pl_PL","og_type":"article","og_title":"Nowa obecno\u015b\u0107 online &#8211; ReRec GmbH","og_description":"ReRec GmbH osi\u0105ga kolejny kamie\u0144 milowy w swojej historii firmy: ...","og_url":"https:\/\/rerec.eu\/pl\/news\/new-online-presence-of-rerec\/","og_site_name":"ReRec GmbH","article_publisher":"https:\/\/www.facebook.com\/profile.php?id=100063562990196#","article_published_time":"2024-12-13T22:36:01+00:00","article_modified_time":"2025-07-27T11:10:50+00:00","og_image":[{"width":1280,"height":850,"url":"https:\/\/rerec.eu\/wp-content\/uploads\/2024\/12\/rerec-neue-internetpraesenz-webdesign.jpg","type":"image\/jpeg"}],"author":"ReRec","twitter_card":"summary_large_image","twitter_misc":{"Napisane przez":"ReRec","Szacowany czas czytania":"2 minuty"},"schema":{"@context":"https:\/\/schema.org","@graph":[{"@type":"Article","@id":"https:\/\/rerec.eu\/pl\/news\/new-online-presence-of-rerec\/#article","isPartOf":{"@id":"https:\/\/rerec.eu\/pl\/news\/new-online-presence-of-rerec\/"},"author":{"name":"ReRec","@id":"https:\/\/rerec.eu\/pl\/#\/schema\/person\/dff28c5d94777e459c86a46269761589"},"headline":"Nowa obecno\u015b\u0107 online","datePublished":"2024-12-13T22:36:01+00:00","dateModified":"2025-07-27T11:10:50+00:00","mainEntityOfPage":{"@id":"https:\/\/rerec.eu\/pl\/news\/new-online-presence-of-rerec\/"},"wordCount":457,"publisher":{"@id":"https:\/\/rerec.eu\/pl\/#organization"},"image":{"@id":"https:\/\/rerec.eu\/pl\/news\/new-online-presence-of-rerec\/#primaryimage"},"thumbnailUrl":"https:\/\/rerec.eu\/wp-content\/uploads\/2024\/12\/rerec-neue-internetpraesenz-webdesign.jpg","articleSection":["Nie skategoryzowane"],"inLanguage":"pl-PL"},{"@type":"WebPage","@id":"https:\/\/rerec.eu\/pl\/news\/new-online-presence-of-rerec\/","url":"https:\/\/rerec.eu\/pl\/news\/new-online-presence-of-rerec\/","name":"Nowa obecno\u015b\u0107 online &#8211; ReRec GmbH","isPartOf":{"@id":"https:\/\/rerec.eu\/pl\/#website"},"primaryImageOfPage":{"@id":"https:\/\/rerec.eu\/pl\/news\/new-online-presence-of-rerec\/#primaryimage"},"image":{"@id":"https:\/\/rerec.eu\/pl\/news\/new-online-presence-of-rerec\/#primaryimage"},"thumbnailUrl":"https:\/\/rerec.eu\/wp-content\/uploads\/2024\/12\/rerec-neue-internetpraesenz-webdesign.jpg","datePublished":"2024-12-13T22:36:01+00:00","dateModified":"2025-07-27T11:10:50+00:00","breadcrumb":{"@id":"https:\/\/rerec.eu\/pl\/news\/new-online-presence-of-rerec\/#breadcrumb"},"inLanguage":"pl-PL","potentialAction":[{"@type":"ReadAction","target":["https:\/\/rerec.eu\/pl\/news\/new-online-presence-of-rerec\/"]}]},{"@type":"ImageObject","inLanguage":"pl-PL","@id":"https:\/\/rerec.eu\/pl\/news\/new-online-presence-of-rerec\/#primaryimage","url":"https:\/\/rerec.eu\/wp-content\/uploads\/2024\/12\/rerec-neue-internetpraesenz-webdesign.jpg","contentUrl":"https:\/\/rerec.eu\/wp-content\/uploads\/2024\/12\/rerec-neue-internetpraesenz-webdesign.jpg","width":1280,"height":850,"caption":"ReRec neue Internetpr\u00e4senz Webdesign"},{"@type":"BreadcrumbList","@id":"https:\/\/rerec.eu\/pl\/news\/new-online-presence-of-rerec\/#breadcrumb","itemListElement":[{"@type":"ListItem","position":1,"name":"Home","item":"https:\/\/rerec.eu\/pl\/"},{"@type":"ListItem","position":2,"name":"Nowa obecno\u015b\u0107 online"}]},{"@type":"WebSite","@id":"https:\/\/rerec.eu\/pl\/#website","url":"https:\/\/rerec.eu\/pl\/","name":"ReRec GmbH","description":"Wir kaufen Elektronikschrott, Sonderlegierungen und Edelmetalle aller Art.","publisher":{"@id":"https:\/\/rerec.eu\/pl\/#organization"},"alternateName":"ReRec Recycling","potentialAction":[{"@type":"SearchAction","target":{"@type":"EntryPoint","urlTemplate":"https:\/\/rerec.eu\/pl\/?s={search_term_string}"},"query-input":{"@type":"PropertyValueSpecification","valueRequired":true,"valueName":"search_term_string"}}],"inLanguage":"pl-PL"},{"@type":"Organization","@id":"https:\/\/rerec.eu\/pl\/#organization","name":"ReRec GmbH","alternateName":"ReRec Recycling","url":"https:\/\/rerec.eu\/pl\/","logo":{"@type":"ImageObject","inLanguage":"pl-PL","@id":"https:\/\/rerec.eu\/pl\/#\/schema\/logo\/image\/","url":"https:\/\/rerec.eu\/wp-content\/uploads\/2024\/12\/rerec-gmbh-recycling.svg","contentUrl":"https:\/\/rerec.eu\/wp-content\/uploads\/2024\/12\/rerec-gmbh-recycling.svg","width":165,"height":50,"caption":"ReRec GmbH"},"image":{"@id":"https:\/\/rerec.eu\/pl\/#\/schema\/logo\/image\/"},"sameAs":["https:\/\/www.facebook.com\/profile.php?id=100063562990196#"]},{"@type":"Person","@id":"https:\/\/rerec.eu\/pl\/#\/schema\/person\/dff28c5d94777e459c86a46269761589","name":"ReRec","sameAs":["http:\/\/45.76.89.223"]}]}},"_links":{"self":[{"href":"https:\/\/rerec.eu\/pl\/wp-json\/wp\/v2\/posts\/10852","targetHints":{"allow":["GET"]}}],"collection":[{"href":"https:\/\/rerec.eu\/pl\/wp-json\/wp\/v2\/posts"}],"about":[{"href":"https:\/\/rerec.eu\/pl\/wp-json\/wp\/v2\/types\/post"}],"author":[{"embeddable":true,"href":"https:\/\/rerec.eu\/pl\/wp-json\/wp\/v2\/users\/1"}],"replies":[{"embeddable":true,"href":"https:\/\/rerec.eu\/pl\/wp-json\/wp\/v2\/comments?post=10852"}],"version-history":[{"count":1,"href":"https:\/\/rerec.eu\/pl\/wp-json\/wp\/v2\/posts\/10852\/revisions"}],"predecessor-version":[{"id":12879,"href":"https:\/\/rerec.eu\/pl\/wp-json\/wp\/v2\/posts\/10852\/revisions\/12879"}],"wp:featuredmedia":[{"embeddable":true,"href":"https:\/\/rerec.eu\/pl\/wp-json\/wp\/v2\/media\/12878"}],"wp:attachment":[{"href":"https:\/\/rerec.eu\/pl\/wp-json\/wp\/v2\/media?parent=10852"}],"wp:term":[{"taxonomy":"category","embeddable":true,"href":"https:\/\/rerec.eu\/pl\/wp-json\/wp\/v2\/categories?post=10852"},{"taxonomy":"post_tag","embeddable":true,"href":"https:\/\/rerec.eu\/pl\/wp-json\/wp\/v2\/tags?post=10852"}],"curies":[{"name":"wp","href":"https:\/\/api.w.org\/{rel}","templated":true}]}}